{"id":10980,"date":"2021-05-24T03:01:21","date_gmt":"2021-05-24T06:01:21","guid":{"rendered":"https:\/\/hostnetart.com.br\/baixada\/fetraf-rj-es-completa-63-anos-de-lutas-e-conquistas\/"},"modified":"2021-05-24T03:01:21","modified_gmt":"2021-05-24T06:01:21","slug":"fetraf-rj-es-completa-63-anos-de-lutas-e-conquistas","status":"publish","type":"post","link":"https:\/\/hostnetart.com.br\/baixada\/fetraf-rj-es-completa-63-anos-de-lutas-e-conquistas\/","title":{"rendered":"Fetraf RJ\/ES completa 63 anos de lutas e conquistas"},"content":{"rendered":"<p>Neste domingo, dia 23 de maio, a Federac\u0327a\u0303o dos Trabalhadores do Ramo Financeiro dos Estados do Rio de Janeiro e Espi\u0301rito Santo (Fetraf RJ\/ES) completou 63 anos.<\/p>\n<p>S\u00e3o mais de seis d\u00e9cadas de lutas e conquistas ao lado da categoria banc\u00e1ria. Uma categoria que sempre batalhou por seus direitos e \u00e9 conhecida por sua for\u00e7a.<\/p>\n<p>E n\u00e3o foi diferente neste momento dif\u00edcil de pandemia, onde banc\u00e1rias e banc\u00e1rios est\u00e3o na linha de frente, garantindo servi\u00e7os essenciais \u00e0 popula\u00e7\u00e3o.<\/p>\n<p>A Fetraf RJ\/ES se orgulha de lutar junto com a categoria banc\u00e1ria para garantir, al\u00e9m da manuten\u00e7\u00e3o de empregos e sal\u00e1rios, medidas que preservem a sa\u00fade e garantam a seguran\u00e7a dos banc\u00e1rios e de toda a popula\u00e7\u00e3o.<\/p>\n<p>Nilton Dami\u00e3o Esperan\u00e7a, Presidente da Federa\u00e7\u00e3o, ressaltou a import\u00e2ncia do trabalho de base dos sindicatos filiados: \u201cQuero parabenizar cada sindicato que, ao longo de todos esses anos, sempre fizeram um excelente trabalho de base, comprovado em n\u00fameros, tendo o reconhecimento de todas as banc\u00e1rias e banc\u00e1rios das regi\u00f5es. Obrigado aos Sindicatos dos Banc\u00e1rios de Angra dos Reis, Baixada Fluminense, Esp\u00edrito Santo, Itaperuna, Maca\u00e9, Nova Friburgo e Tr\u00eas Rios. \u00c9 um orgulho t\u00ea-los conosco.\u201d<\/p>\n<p><strong>Fonte: Fetraf RJ\/ES<\/strong><\/p>\n","protected":false},"excerpt":{"rendered":"<p>Neste domingo, dia 23 de maio, a Federac\u0327a\u0303o dos Trabalhadores do Ramo Financeiro dos Estados do Rio de Janeiro e Espi\u0301rito Santo (Fetraf RJ\/ES) completou 63 anos. S\u00e3o mais de seis d\u00e9cadas de lutas e conquistas ao lado da categoria banc\u00e1ria. Uma categoria que sempre batalhou por seus direitos e \u00e9 conhecida por sua for\u00e7a. [&hellip;]<\/p>\n","protected":false},"author":2,"featured_media":10979,"comment_status":"","ping_status":"","sticky":false,"template":"","format":"standard","meta":{"footnotes":""},"categories":[3],"tags":[],"class_list":["post-10980","post","type-post","status-publish","format-standard","has-post-thumbnail","hentry","category-noticias"],"_links":{"self":[{"href":"https:\/\/hostnetart.com.br\/baixada\/wp-json\/wp\/v2\/posts\/10980","targetHints":{"allow":["GET"]}}],"collection":[{"href":"https:\/\/hostnetart.com.br\/baixada\/wp-json\/wp\/v2\/posts"}],"about":[{"href":"https:\/\/hostnetart.com.br\/baixada\/wp-json\/wp\/v2\/types\/post"}],"author":[{"embeddable":true,"href":"https:\/\/hostnetart.com.br\/baixada\/wp-json\/wp\/v2\/users\/2"}],"replies":[{"embeddable":true,"href":"https:\/\/hostnetart.com.br\/baixada\/wp-json\/wp\/v2\/comments?post=10980"}],"version-history":[{"count":0,"href":"https:\/\/hostnetart.com.br\/baixada\/wp-json\/wp\/v2\/posts\/10980\/revisions"}],"wp:featuredmedia":[{"embeddable":true,"href":"https:\/\/hostnetart.com.br\/baixada\/wp-json\/wp\/v2\/media\/10979"}],"wp:attachment":[{"href":"https:\/\/hostnetart.com.br\/baixada\/wp-json\/wp\/v2\/media?parent=10980"}],"wp:term":[{"taxonomy":"category","embeddable":true,"href":"https:\/\/hostnetart.com.br\/baixada\/wp-json\/wp\/v2\/categories?post=10980"},{"taxonomy":"post_tag","embeddable":true,"href":"https:\/\/hostnetart.com.br\/baixada\/wp-json\/wp\/v2\/tags?post=10980"}],"curies":[{"name":"wp","href":"https:\/\/api.w.org\/{rel}","templated":true}]}}