{"id":10978,"date":"2021-05-23T13:45:59","date_gmt":"2021-05-23T16:45:59","guid":{"rendered":"https:\/\/hostnetart.com.br\/baixada\/nota-de-falecimento-5\/"},"modified":"2021-05-23T13:45:59","modified_gmt":"2021-05-23T16:45:59","slug":"nota-de-falecimento-5","status":"publish","type":"post","link":"https:\/\/hostnetart.com.br\/baixada\/nota-de-falecimento-5\/","title":{"rendered":"Nota de Falecimento"},"content":{"rendered":"<div class=\"gs\">\n<div class=\"\">\n<div id=\":21o\" class=\"ii gt\">\n<div id=\":21n\" class=\"a3s aiL \">\n<div id=\":21o\" class=\"ii gt\">\n<div id=\":21n\" class=\"a3s aiL \">\n<p>O Sindicato dos Banc\u00e1rios da Baixada Fluminense lamenta o falecimento do companheiro Belmar Marchetti, v\u00edtima de Covid-19.\u00a0<\/p>\n<p>Belmar era banc\u00e1rio do Ita\u00fa, diretor do Sindicato dos Banc\u00e1rios do Rio de Janeiro e dirigente da\u00a0Federac\u0327a\u0303o dos Trabalhadores do Ramo Financeiro dos Estados do Rio de Janeiro e Espi\u0301rito Santo (Fetraf RJ\/ES).\u00a0<\/p>\n<p>Militante do PT e da CUT, ele era conhecido por ser solid\u00e1rio, generoso e comprometido com as lutas da categoria banc\u00e1ria.<\/p>\n<p>Nossa solidariedade aos familiares e amigos.<\/p>\n<p>Belmar, presente!<\/p>\n<p>\u00a0<\/p>\n<\/div>\n<div class=\"yj6qo\">\u00a0<\/div>\n<div class=\"yj6qo\">\u00a0<\/div>\n<\/div>\n<div class=\"hi\">\u00a0<\/div>\n<\/div>\n<div class=\"yj6qo\">\u00a0<\/div>\n<\/div>\n<div class=\"hi\">\u00a0<\/div>\n<\/div>\n<\/div>\n","protected":false},"excerpt":{"rendered":"<p>O Sindicato dos Banc\u00e1rios da Baixada Fluminense lamenta o falecimento do companheiro Belmar Marchetti, v\u00edtima de Covid-19.\u00a0 Belmar era banc\u00e1rio do Ita\u00fa, diretor do Sindicato dos Banc\u00e1rios do Rio de Janeiro e dirigente da\u00a0Federac\u0327a\u0303o dos Trabalhadores do Ramo Financeiro dos Estados do Rio de Janeiro e Espi\u0301rito Santo (Fetraf RJ\/ES).\u00a0 Militante do PT e da [&hellip;]<\/p>\n","protected":false},"author":2,"featured_media":10977,"comment_status":"","ping_status":"","sticky":false,"template":"","format":"standard","meta":{"footnotes":""},"categories":[3],"tags":[],"class_list":["post-10978","post","type-post","status-publish","format-standard","has-post-thumbnail","hentry","category-noticias"],"_links":{"self":[{"href":"https:\/\/hostnetart.com.br\/baixada\/wp-json\/wp\/v2\/posts\/10978","targetHints":{"allow":["GET"]}}],"collection":[{"href":"https:\/\/hostnetart.com.br\/baixada\/wp-json\/wp\/v2\/posts"}],"about":[{"href":"https:\/\/hostnetart.com.br\/baixada\/wp-json\/wp\/v2\/types\/post"}],"author":[{"embeddable":true,"href":"https:\/\/hostnetart.com.br\/baixada\/wp-json\/wp\/v2\/users\/2"}],"replies":[{"embeddable":true,"href":"https:\/\/hostnetart.com.br\/baixada\/wp-json\/wp\/v2\/comments?post=10978"}],"version-history":[{"count":0,"href":"https:\/\/hostnetart.com.br\/baixada\/wp-json\/wp\/v2\/posts\/10978\/revisions"}],"wp:featuredmedia":[{"embeddable":true,"href":"https:\/\/hostnetart.com.br\/baixada\/wp-json\/wp\/v2\/media\/10977"}],"wp:attachment":[{"href":"https:\/\/hostnetart.com.br\/baixada\/wp-json\/wp\/v2\/media?parent=10978"}],"wp:term":[{"taxonomy":"category","embeddable":true,"href":"https:\/\/hostnetart.com.br\/baixada\/wp-json\/wp\/v2\/categories?post=10978"},{"taxonomy":"post_tag","embeddable":true,"href":"https:\/\/hostnetart.com.br\/baixada\/wp-json\/wp\/v2\/tags?post=10978"}],"curies":[{"name":"wp","href":"https:\/\/api.w.org\/{rel}","templated":true}]}}