{"id":10974,"date":"2021-05-21T14:04:16","date_gmt":"2021-05-21T17:04:16","guid":{"rendered":"https:\/\/hostnetart.com.br\/baixada\/longas-jornadas-de-trabalho-prejudicam-saude-do-trabalhador\/"},"modified":"2021-05-21T14:04:16","modified_gmt":"2021-05-21T17:04:16","slug":"longas-jornadas-de-trabalho-prejudicam-saude-do-trabalhador","status":"publish","type":"post","link":"https:\/\/hostnetart.com.br\/baixada\/longas-jornadas-de-trabalho-prejudicam-saude-do-trabalhador\/","title":{"rendered":"Longas jornadas de trabalho prejudicam sa\u00fade do trabalhador"},"content":{"rendered":"<p>A percep\u00e7\u00e3o de que longas jornadas de trabalho s\u00e3o prejudiciais \u00e0 vida do trabalhador faz parte do senso comum, mas uma pesquisa comprova que a vulnerabilidade da sa\u00fade da pessoa nessa condi\u00e7\u00e3o \u00e9 inquestion\u00e1vel. Segundo estudo da Organiza\u00e7\u00e3o Mundial da Sa\u00fade (OMS) e Organiza\u00e7\u00e3o Internacional do Trabalho (OIT) as longas jornadas de trabalho t\u00eam aumentado o n\u00famero de mortes por doen\u00e7as card\u00edacas e derrames.<\/p>\n<p>Entre 2000 e 2016, a quantidade de pessoas que morreu por conta desses problemas de sa\u00fade aumentou 29%. Ao todo, 745 mil indiv\u00edduos perderam suas vidas em 2016 pelo excesso de trabalho. O problema trata de uma condi\u00e7\u00e3o que se agrava com a pandemia, j\u00e1 que com o home office estima-se um aumento de jornada de cerca de 10%.<\/p>\n<p>Para o\u00a0diretor-adjunto do Dieese, Jos\u00e9 Silvestre, a quest\u00e3o das longas jornadas tratada na pesquisa est\u00e1 posta historicamente na luta do movimento sindical, que h\u00e1 anos defende a redu\u00e7\u00e3o de jornada.<\/p>\n<p>\u201cA pesquisa chama a aten\u00e7\u00e3o para alguns pontos. O primeiro \u00e9 que cerca de tr\u00eas quartos das pessoas que morreram s\u00e3o do sexo masculino\u201d, afirma Silvestre em entrevista ao jornalista Glauco Faria na\u00a0<strong>R\u00e1dio Brasil Atual<\/strong>\u00a0nesta sexta-feira (21).<\/p>\n<p>Ele afirma que \u00e9 necess\u00e1rio rever a quest\u00e3o da jornada excessiva em praticamente todos os setores da economia no pa\u00eds e concorda que o problema \u00e9 especialmente delicado na pandemia, j\u00e1 que existem evid\u00eancias do aumento da jornada neste per\u00edodo.<\/p>\n<p>No contexto dos direitos trabalhistas durante a pandemia, uma alternativa que despontou \u00e9 o direito \u00e0 desconex\u00e3o, j\u00e1 que as rela\u00e7\u00f5es de trabalho hoje s\u00e3o mediadas principalmente por vias digitais. Esse direito est\u00e1 previsto, entre outros, no\u00a0<a href=\"https:\/\/www.redebrasilatual.com.br\/trabalho\/2021\/04\/industriall-e-renault-assinam-1o-acordo-global-sobre-teletrabalho-no-setor\/\" target=\"_blank\" rel=\"noopener noreferrer\">acordo global<\/a>\u00a0celebrado h\u00e1 poucos dias entre a IndustriALL Global Union e a fabricante francesa de autom\u00f3veis\u00a0<a href=\"https:\/\/www.renault.com.br\/\" target=\"_blank\" rel=\"noopener noreferrer\">Renault<\/a>.<\/p>\n<p>O acordo estabelece direitos e garantias para os trabalhadores na modalidade do teletrabalho. Quest\u00f5es como privacidade, seguran\u00e7a, respeito \u00e0s jornadas de trabalho estabelecidas, al\u00e9m do direito \u00e0 \u201cdesconex\u00e3o\u201d, fazem parte do novo pacto negociado.<\/p>\n<p>\u201cA pessoa fica conectada a maior parte do tempo, est\u00e1 ligada o tempo todo. H\u00e1 inclusive uma confus\u00e3o, como se a casa fosse a extens\u00e3o do trabalho\u201d, afirma Silvestre.<\/p>\n<p><strong>Fonte: Rede Brasil Atual<\/strong><\/p>\n","protected":false},"excerpt":{"rendered":"<p>A percep\u00e7\u00e3o de que longas jornadas de trabalho s\u00e3o prejudiciais \u00e0 vida do trabalhador faz parte do senso comum, mas uma pesquisa comprova que a vulnerabilidade da sa\u00fade da pessoa nessa condi\u00e7\u00e3o \u00e9 inquestion\u00e1vel. Segundo estudo da Organiza\u00e7\u00e3o Mundial da Sa\u00fade (OMS) e Organiza\u00e7\u00e3o Internacional do Trabalho (OIT) as longas jornadas de trabalho t\u00eam aumentado [&hellip;]<\/p>\n","protected":false},"author":2,"featured_media":10973,"comment_status":"","ping_status":"","sticky":false,"template":"","format":"standard","meta":{"footnotes":""},"categories":[3],"tags":[],"class_list":["post-10974","post","type-post","status-publish","format-standard","has-post-thumbnail","hentry","category-noticias"],"_links":{"self":[{"href":"https:\/\/hostnetart.com.br\/baixada\/wp-json\/wp\/v2\/posts\/10974","targetHints":{"allow":["GET"]}}],"collection":[{"href":"https:\/\/hostnetart.com.br\/baixada\/wp-json\/wp\/v2\/posts"}],"about":[{"href":"https:\/\/hostnetart.com.br\/baixada\/wp-json\/wp\/v2\/types\/post"}],"author":[{"embeddable":true,"href":"https:\/\/hostnetart.com.br\/baixada\/wp-json\/wp\/v2\/users\/2"}],"replies":[{"embeddable":true,"href":"https:\/\/hostnetart.com.br\/baixada\/wp-json\/wp\/v2\/comments?post=10974"}],"version-history":[{"count":0,"href":"https:\/\/hostnetart.com.br\/baixada\/wp-json\/wp\/v2\/posts\/10974\/revisions"}],"wp:featuredmedia":[{"embeddable":true,"href":"https:\/\/hostnetart.com.br\/baixada\/wp-json\/wp\/v2\/media\/10973"}],"wp:attachment":[{"href":"https:\/\/hostnetart.com.br\/baixada\/wp-json\/wp\/v2\/media?parent=10974"}],"wp:term":[{"taxonomy":"category","embeddable":true,"href":"https:\/\/hostnetart.com.br\/baixada\/wp-json\/wp\/v2\/categories?post=10974"},{"taxonomy":"post_tag","embeddable":true,"href":"https:\/\/hostnetart.com.br\/baixada\/wp-json\/wp\/v2\/tags?post=10974"}],"curies":[{"name":"wp","href":"https:\/\/api.w.org\/{rel}","templated":true}]}}