{"id":10972,"date":"2021-05-21T13:58:24","date_gmt":"2021-05-21T16:58:24","guid":{"rendered":"https:\/\/hostnetart.com.br\/baixada\/oit-abre-sua-primeira-conferencia-virtual-sob-devastacao-do-mundo-do-trabalho\/"},"modified":"2021-05-21T13:58:24","modified_gmt":"2021-05-21T16:58:24","slug":"oit-abre-sua-primeira-conferencia-virtual-sob-devastacao-do-mundo-do-trabalho","status":"publish","type":"post","link":"https:\/\/hostnetart.com.br\/baixada\/oit-abre-sua-primeira-conferencia-virtual-sob-devastacao-do-mundo-do-trabalho\/","title":{"rendered":"OIT abre sua primeira confer\u00eancia virtual sob \u2018devasta\u00e7\u00e3o\u2019 do mundo do trabalho"},"content":{"rendered":"<p>Pela primeira vez, a Confer\u00eancia Internacional do Trabalho, aberta nesta quinta-feira (20), ser\u00e1 realizada de forma virtual. Marcado para 2020 e adiado devido \u00e0 pandemia, o evento promovido pela\u00a0<a href=\"https:\/\/www.ilo.org\/brasilia\/conheca-a-oit\/lang--pt\/index.htm\" target=\"_blank\" rel=\"noopener noreferrer\">Organiza\u00e7\u00e3o Internacional do Trabalho<\/a>\u00a0(OIT) est\u00e1 na 109\u00aa edi\u00e7\u00e3o. \u201cConcluindo com \u00eaxito esta Confer\u00eancia, a OIT dar\u00e1 um passo a mais pra a supera\u00e7\u00e3o da pandemia de covid-19, que devastou o mundo do trabalho no \u00faltimo ano e meio\u201d, declarou o diretor geral da organiza\u00e7\u00e3o, Guy Ryder. \u201cE faz\u00ea-lo contribuir\u00e1 de maneira crucial para construir o futuro da melhor maneira.\u201d<\/p>\n<p>A mensagem foi encaminhada ao embaixador Osmar Zniber, de Marrocos, eleito presidente da Confer\u00eancia na sess\u00e3o de abertura. Tamb\u00e9m foram escolhidos os tr\u00eas vices, representando os governos (Chad Blackman, Barbados), os empregadores (Ronnie Goldberd, Estados Unidos) e os trabalhadores (Annette Chipeleme, Z\u00e2mbia). A maioria das comiss\u00f5es iniciar\u00e1 atividades em 3 de junho, durante duas semanas e meia. O evento ter\u00e1 duas fases, em junho e em novembro\/dezembro.<\/p>\n<p><a href=\"https:\/\/www.ilo.org\/wcmsp5\/groups\/public\/---dgreports\/---dcomm\/documents\/briefingnote\/wcms_767045.pdf\">Informe do in\u00edcio do ano<\/a>\u00a0aponta uma \u201cdiminui\u00e7\u00e3o sem precedentes\u201d na ocupa\u00e7\u00e3o ao longo de 2020. Foram 114 milh\u00f5es de empregos a menos em rela\u00e7\u00e3o ao ano anterior. Desse total, 81 milh\u00f5es de pessoas deixaram de compor a for\u00e7a de trabalho, enquanto o desemprego aumentou em 33 milh\u00f5es, chegando a um total estimado em 220 milh\u00f5es, n\u00famero equivalente \u00e0 popula\u00e7\u00e3o do Brasil. Mulheres e trabalhadores jovens est\u00e3o entre os grupos mais atingidos. De acordo com a OIT, em 2020 se perdeu um total de 8,8% das horas trabalhadas, o que corresponde a 255 milh\u00f5es de postos de trabalho com jornada integral.<\/p>\n<h3>Renda cai, pobreza cresce<\/h3>\n<p>A OIT calcula ainda que a renda do trabalho se reduziu, globalmente, em US$ 3,7 bilh\u00f5es. Valor equivalente, acrescenta a entidade, em 4,4% do PIB mundial. Consequ\u00eancias: redu\u00e7\u00e3o do consumo, aumento da desigualdade e da pobreza.<\/p>\n<p>O governo brasileiro \u2013\u00a0<a href=\"https:\/\/www.redebrasilatual.com.br\/trabalho\/2021\/04\/brasil-lista-oit-suspeitos-normas-trabalhistas\/\" target=\"_blank\" rel=\"noopener noreferrer\">cujas pol\u00edticas seguem na lupa dos peritos da OIT<\/a>\u00a0\u2013 ser\u00e1 representado pelo secret\u00e1rio especial de Previd\u00eancia Social e do Trabalho (Minist\u00e9rio da Economia), Bruno Bianco Legal. O delegado dos empregadores \u00e9 Vander Costa presidente da Confedera\u00e7\u00e3o nacional do Transporte. E o dos trabalhadores, Carlos Augusto M\u00fcller, da CTB.<\/p>\n<p><strong>Fonte: Rede Brasil Atual<\/strong><\/p>\n","protected":false},"excerpt":{"rendered":"<p>Pela primeira vez, a Confer\u00eancia Internacional do Trabalho, aberta nesta quinta-feira (20), ser\u00e1 realizada de forma virtual. Marcado para 2020 e adiado devido \u00e0 pandemia, o evento promovido pela\u00a0Organiza\u00e7\u00e3o Internacional do Trabalho\u00a0(OIT) est\u00e1 na 109\u00aa edi\u00e7\u00e3o. \u201cConcluindo com \u00eaxito esta Confer\u00eancia, a OIT dar\u00e1 um passo a mais pra a supera\u00e7\u00e3o da pandemia de covid-19, [&hellip;]<\/p>\n","protected":false},"author":2,"featured_media":10971,"comment_status":"","ping_status":"","sticky":false,"template":"","format":"standard","meta":{"footnotes":""},"categories":[3],"tags":[],"class_list":["post-10972","post","type-post","status-publish","format-standard","has-post-thumbnail","hentry","category-noticias"],"_links":{"self":[{"href":"https:\/\/hostnetart.com.br\/baixada\/wp-json\/wp\/v2\/posts\/10972","targetHints":{"allow":["GET"]}}],"collection":[{"href":"https:\/\/hostnetart.com.br\/baixada\/wp-json\/wp\/v2\/posts"}],"about":[{"href":"https:\/\/hostnetart.com.br\/baixada\/wp-json\/wp\/v2\/types\/post"}],"author":[{"embeddable":true,"href":"https:\/\/hostnetart.com.br\/baixada\/wp-json\/wp\/v2\/users\/2"}],"replies":[{"embeddable":true,"href":"https:\/\/hostnetart.com.br\/baixada\/wp-json\/wp\/v2\/comments?post=10972"}],"version-history":[{"count":0,"href":"https:\/\/hostnetart.com.br\/baixada\/wp-json\/wp\/v2\/posts\/10972\/revisions"}],"wp:featuredmedia":[{"embeddable":true,"href":"https:\/\/hostnetart.com.br\/baixada\/wp-json\/wp\/v2\/media\/10971"}],"wp:attachment":[{"href":"https:\/\/hostnetart.com.br\/baixada\/wp-json\/wp\/v2\/media?parent=10972"}],"wp:term":[{"taxonomy":"category","embeddable":true,"href":"https:\/\/hostnetart.com.br\/baixada\/wp-json\/wp\/v2\/categories?post=10972"},{"taxonomy":"post_tag","embeddable":true,"href":"https:\/\/hostnetart.com.br\/baixada\/wp-json\/wp\/v2\/tags?post=10972"}],"curies":[{"name":"wp","href":"https:\/\/api.w.org\/{rel}","templated":true}]}}