{"id":10970,"date":"2021-05-21T13:56:53","date_gmt":"2021-05-21T16:56:53","guid":{"rendered":"https:\/\/hostnetart.com.br\/baixada\/acordo-protege-trabalhadores-do-bb-de-perda-real-nos-salarios\/"},"modified":"2021-05-21T13:56:53","modified_gmt":"2021-05-21T16:56:53","slug":"acordo-protege-trabalhadores-do-bb-de-perda-real-nos-salarios","status":"publish","type":"post","link":"https:\/\/hostnetart.com.br\/baixada\/acordo-protege-trabalhadores-do-bb-de-perda-real-nos-salarios\/","title":{"rendered":"Acordo protege trabalhadores do BB de perda real nos sal\u00e1rios"},"content":{"rendered":"<p>Estudo publicado pela Fipe (Funda\u00e7\u00e3o Instituto de Pesquisas Econ\u00f4micas) mostra que, em abril, quase 60% dos sal\u00e1rios n\u00e3o tiveram reposi\u00e7\u00e3o da infla\u00e7\u00e3o medida pelo INPC (\u00cdndice Nacional de Pre\u00e7os ao Consumidor). Ou seja, a maior parte dos sal\u00e1rios sofreu perda real no valor.<\/p>\n<p>Segundo a entidade, o reajuste m\u00e9dio no m\u00eas foi de 5,6% enquanto que o INPC registrou alta acumulada de 6,9% nos 12 meses finalizados em abril.<\/p>\n<p>No m\u00eas, 59,7% dos acordos coletivos n\u00e3o obtiveram reposi\u00e7\u00e3o da infla\u00e7\u00e3o; 26,6% foram reajustados com percentual igual ao INPC; e outros 14% acima da infla\u00e7\u00e3o.<\/p>\n<p>Os funcion\u00e1rios do Banco do Brasil est\u00e3o entre os que conseguiram reajustes salariais acima da infla\u00e7\u00e3o, gra\u00e7as a atua\u00e7\u00e3o das entidades representativas que, em 2019, negociaram o Acordo Coletivo de Trabalho (ACT) 2020\/2022.<\/p>\n<p>\u201cEm 2019, quando negociamos o acordo coletivo de 2 anos, t\u00ednhamos uma realidade econ\u00f4mica imposta pelo atual governo, com privatiza\u00e7\u00f5es e cortes de direitos (reforma trabalhista e reforma da previd\u00eancia). Em um cen\u00e1rio de reajuste zero para a maioria dos trabalhadores, os banc\u00e1rios arrancaram, para 2020, aumento de 1,5% nos sal\u00e1rios, com abono de R$ 2 mil. E, ainda, a reposi\u00e7\u00e3o da infla\u00e7\u00e3o (estimada em 2,74% no per\u00edodo) para as demais verbas, como vales alimenta\u00e7\u00e3o e refei\u00e7\u00e3o e aux\u00edlio-creche\/bab\u00e1\u201d, explica o coordenador da Comiss\u00e3o de Empresa dos Funcion\u00e1rios do Banco do Brasil (CEBB), Jo\u00e3o Fukunaga.<\/p>\n<p>Relat\u00f3rio do Departamento Intersindical de Estat\u00edsticas e Estudos Socioecon\u00f4micos (Dieese), aponta que, em 2020, 38,5% dos ajustes salariais resultaram em aumentos reais nos sal\u00e1rios. Enquanto que os reajustes iguais \u00e0 infla\u00e7\u00e3o somaram 34,3% do total; e os reajustes abaixo da infla\u00e7\u00e3o, 27,2%.<\/p>\n<p>\u201cNosso acordo de dois anos, mesmo diante do cen\u00e1rio devastador da pandemia para o mundo e, mais ainda, para o Brasil (como fica claro na CPI), garantiu a todos os trabalhadores do BB a reposi\u00e7\u00e3o do INPC acumulado no per\u00edodo (1\u00ba de setembro de 2020 a 31 de agosto de 2021) e aumento real de 0,5% para sal\u00e1rios e demais verbas como vale-alimenta\u00e7\u00e3o e vale-refei\u00e7\u00e3o, assim como para os valores fixos e tetos da PLR\u201d, refor\u00e7a o coordenador da CEBB.<\/p>\n<p>Ele destaca que, durante a luta para garantir que o texto do acordo coletivo 2020\/2022 fosse redigido para proteger os direitos dos trabalhadores, muitos afirmaram que n\u00e3o seria poss\u00edvel assegurar, nos anos seguintes, mobiliza\u00e7\u00e3o para fazer valer o documento.<\/p>\n<p>\u201cNo entanto, estamos conseguindo arrancar paralisa\u00e7\u00f5es, estado de greve permanente e, principalmente, proteger os banc\u00e1rios do BB, em rela\u00e7\u00e3o aos direitos que est\u00e1vamos perdendo, organizando a classe trabalhadora\u201d, analisa.<\/p>\n<p>\u201cO acordo 2020\/2022 \u00e9 importante porque garantiu direitos, garantiu a conven\u00e7\u00e3o coletiva de trabalho e, acima de tudo, num cen\u00e1rio de extrema turbul\u00eancia, nos garantiu ter reajuste salarial e tranquilidade\u201d, completa Fukunaga destacando, no entanto, que \u201ctoda essa conquista do acordo n\u00e3o adiantar\u00e1 se n\u00e3o nos mobilizarmos, ano que vem e, principalmente, se o Banco do Brasil for privatizado por esse atual governo\u201d.<\/p>\n<p><strong>Fonte: Contraf-CUT<\/strong><\/p>\n","protected":false},"excerpt":{"rendered":"<p>Estudo publicado pela Fipe (Funda\u00e7\u00e3o Instituto de Pesquisas Econ\u00f4micas) mostra que, em abril, quase 60% dos sal\u00e1rios n\u00e3o tiveram reposi\u00e7\u00e3o da infla\u00e7\u00e3o medida pelo INPC (\u00cdndice Nacional de Pre\u00e7os ao Consumidor). Ou seja, a maior parte dos sal\u00e1rios sofreu perda real no valor. Segundo a entidade, o reajuste m\u00e9dio no m\u00eas foi de 5,6% enquanto [&hellip;]<\/p>\n","protected":false},"author":2,"featured_media":10969,"comment_status":"","ping_status":"","sticky":false,"template":"","format":"standard","meta":{"footnotes":""},"categories":[3],"tags":[],"class_list":["post-10970","post","type-post","status-publish","format-standard","has-post-thumbnail","hentry","category-noticias"],"_links":{"self":[{"href":"https:\/\/hostnetart.com.br\/baixada\/wp-json\/wp\/v2\/posts\/10970","targetHints":{"allow":["GET"]}}],"collection":[{"href":"https:\/\/hostnetart.com.br\/baixada\/wp-json\/wp\/v2\/posts"}],"about":[{"href":"https:\/\/hostnetart.com.br\/baixada\/wp-json\/wp\/v2\/types\/post"}],"author":[{"embeddable":true,"href":"https:\/\/hostnetart.com.br\/baixada\/wp-json\/wp\/v2\/users\/2"}],"replies":[{"embeddable":true,"href":"https:\/\/hostnetart.com.br\/baixada\/wp-json\/wp\/v2\/comments?post=10970"}],"version-history":[{"count":0,"href":"https:\/\/hostnetart.com.br\/baixada\/wp-json\/wp\/v2\/posts\/10970\/revisions"}],"wp:featuredmedia":[{"embeddable":true,"href":"https:\/\/hostnetart.com.br\/baixada\/wp-json\/wp\/v2\/media\/10969"}],"wp:attachment":[{"href":"https:\/\/hostnetart.com.br\/baixada\/wp-json\/wp\/v2\/media?parent=10970"}],"wp:term":[{"taxonomy":"category","embeddable":true,"href":"https:\/\/hostnetart.com.br\/baixada\/wp-json\/wp\/v2\/categories?post=10970"},{"taxonomy":"post_tag","embeddable":true,"href":"https:\/\/hostnetart.com.br\/baixada\/wp-json\/wp\/v2\/tags?post=10970"}],"curies":[{"name":"wp","href":"https:\/\/api.w.org\/{rel}","templated":true}]}}