{"id":10968,"date":"2021-05-20T14:25:29","date_gmt":"2021-05-20T17:25:29","guid":{"rendered":"https:\/\/hostnetart.com.br\/baixada\/live-debate-luta-contra-o-racismo-no-brasil\/"},"modified":"2021-05-20T14:25:29","modified_gmt":"2021-05-20T17:25:29","slug":"live-debate-luta-contra-o-racismo-no-brasil","status":"publish","type":"post","link":"https:\/\/hostnetart.com.br\/baixada\/live-debate-luta-contra-o-racismo-no-brasil\/","title":{"rendered":"Live debate luta contra o racismo no Brasil"},"content":{"rendered":"<p>A Democratic Socialists of America (DSA), Socialistas Democr\u00e1ticos da Am\u00e9rica, organiza\u00e7\u00e3o em defesa dos trabalhadores nos Estados Unidos, organizou uma s\u00e9rie de lives para mostrar como \u00e9 a luta contra o racismo no Brasil. A sexta live tratou especificamente dos esfor\u00e7os da luta antirracista das organiza\u00e7\u00f5es sindicais brasileiras.<\/p>\n<p>Participaram Anatalia Louren\u00e7o, secret\u00e1ria de Combate ao Racismo da CUT, e Almir Aguiar, secret\u00e1rio de Combate ao Racismo da Confedera\u00e7\u00e3o Nacional dos Trabalhadores do Ramo Financeiro (Contraf-CUT).<\/p>\n<p>Veja tr\u00eas segmentos da live com a participa\u00e7\u00e3o de Almir Aguiar. Para ver, clique em\u00a0<a href=\"https:\/\/youtu.be\/_ufDJhqhkqE\">Segmento 1<\/a>,\u00a0<a href=\"https:\/\/youtu.be\/FXTbkJJCo-U\">Segmento 2<\/a>\u00a0e\u00a0<a href=\"https:\/\/youtu.be\/O8-DHyaA-bo\">Segmento 3<\/a><\/p>\n<p><strong>Fonte: Contraf-CUT<\/strong><\/p>\n","protected":false},"excerpt":{"rendered":"<p>A Democratic Socialists of America (DSA), Socialistas Democr\u00e1ticos da Am\u00e9rica, organiza\u00e7\u00e3o em defesa dos trabalhadores nos Estados Unidos, organizou uma s\u00e9rie de lives para mostrar como \u00e9 a luta contra o racismo no Brasil. A sexta live tratou especificamente dos esfor\u00e7os da luta antirracista das organiza\u00e7\u00f5es sindicais brasileiras. Participaram Anatalia Louren\u00e7o, secret\u00e1ria de Combate ao [&hellip;]<\/p>\n","protected":false},"author":2,"featured_media":10967,"comment_status":"","ping_status":"","sticky":false,"template":"","format":"standard","meta":{"footnotes":""},"categories":[3],"tags":[],"class_list":["post-10968","post","type-post","status-publish","format-standard","has-post-thumbnail","hentry","category-noticias"],"_links":{"self":[{"href":"https:\/\/hostnetart.com.br\/baixada\/wp-json\/wp\/v2\/posts\/10968","targetHints":{"allow":["GET"]}}],"collection":[{"href":"https:\/\/hostnetart.com.br\/baixada\/wp-json\/wp\/v2\/posts"}],"about":[{"href":"https:\/\/hostnetart.com.br\/baixada\/wp-json\/wp\/v2\/types\/post"}],"author":[{"embeddable":true,"href":"https:\/\/hostnetart.com.br\/baixada\/wp-json\/wp\/v2\/users\/2"}],"replies":[{"embeddable":true,"href":"https:\/\/hostnetart.com.br\/baixada\/wp-json\/wp\/v2\/comments?post=10968"}],"version-history":[{"count":0,"href":"https:\/\/hostnetart.com.br\/baixada\/wp-json\/wp\/v2\/posts\/10968\/revisions"}],"wp:featuredmedia":[{"embeddable":true,"href":"https:\/\/hostnetart.com.br\/baixada\/wp-json\/wp\/v2\/media\/10967"}],"wp:attachment":[{"href":"https:\/\/hostnetart.com.br\/baixada\/wp-json\/wp\/v2\/media?parent=10968"}],"wp:term":[{"taxonomy":"category","embeddable":true,"href":"https:\/\/hostnetart.com.br\/baixada\/wp-json\/wp\/v2\/categories?post=10968"},{"taxonomy":"post_tag","embeddable":true,"href":"https:\/\/hostnetart.com.br\/baixada\/wp-json\/wp\/v2\/tags?post=10968"}],"curies":[{"name":"wp","href":"https:\/\/api.w.org\/{rel}","templated":true}]}}