{"id":10966,"date":"2021-05-20T14:24:57","date_gmt":"2021-05-20T17:24:57","guid":{"rendered":"https:\/\/hostnetart.com.br\/baixada\/brasil-bate-a-triste-marca-de-440-mil-mortos-nesta-quarta-feira-19\/"},"modified":"2021-05-20T14:24:57","modified_gmt":"2021-05-20T17:24:57","slug":"brasil-bate-a-triste-marca-de-440-mil-mortos-nesta-quarta-feira-19","status":"publish","type":"post","link":"https:\/\/hostnetart.com.br\/baixada\/brasil-bate-a-triste-marca-de-440-mil-mortos-nesta-quarta-feira-19\/","title":{"rendered":"Brasil bate a triste marca de 440 mil mortos nesta quarta-feira (19)"},"content":{"rendered":"<p>O Brasil deve superar nesta quarta-feira (19) a triste marca de 440 mil mortes causadas pela Covid-19, desde o in\u00edcio da pandemia do coronav\u00edrus, em mar\u00e7o de 2020. Na ter\u00e7a-feira (18), foram 2.513 mortes, o que levou o pa\u00eds a 439.050 \u00f3bitos. Segundo o Conselho Nacional de Secret\u00e1rios de Sa\u00fade (Conass), em um per\u00edodo de 24 horas foram notificados 75.445 novos casos da infec\u00e7\u00e3o respirat\u00f3ria causada pelo novo coronav\u00edrus, totalizando 15.742.836 registros oficiais de contamina\u00e7\u00e3o.<\/p>\n<p>Os n\u00fameros confirmam que a curva de novos casos segue ascendente e indicam piora do cen\u00e1rio tamb\u00e9m nas mortes di\u00e1rias nos pr\u00f3ximos dias. Uma semana atr\u00e1s, no dia 11, foram 72.715 casos registrados em um per\u00edodo de 24 horas, com 2.311 \u00f3bitos.<\/p>\n<p>Outro dado que indica que a velocidade de contamina\u00e7\u00e3o voltou a subir \u00e9 o da m\u00e9dia m\u00f3vel de mortes e de casos, que s\u00e3o calculadas somando-se os n\u00fameros de cada um dos \u00faltimos sete dias e dividindo o total por sete. Tanto em um caso como no outro, os resultados mostram crescimento.<\/p>\n<p>Os reflexos da alta j\u00e1 est\u00e3o sendo registrados em S\u00e3o Paulo. Pesquisa divulgada na ter\u00e7a-feira pelo Sindicato dos Hospitais, Cl\u00ednicas e Laborat\u00f3rios (SindHosp), mostra que a taxa de ocupa\u00e7\u00e3o dos leitos de UTI para covid-19 cresceu 7,5% na rede hospitalar privada do estado em maio.<\/p>\n<p>Realizada entre 11 e 17 deste m\u00eas, o estudo aponta que 85% dos hospitais particulares paulistas j\u00e1 est\u00e3o com ocupa\u00e7\u00e3o superior a 80%. Na pesquisa anterior, em 30 de abril, eram 79% dos hospitais com esse n\u00edvel de lota\u00e7\u00e3o. A pesquisa mostra ainda que, entre as unidades mais lotadas, 39% est\u00e3o com ocupa\u00e7\u00e3o entre 91% e 100%, enquanto 46% oscilam entre 81% e 90%.<\/p>\n<p>A Fiocruz e demais autoridades sanit\u00e1rias destacam a necessidade de estados e munic\u00edpios retomarem as medidas de distanciamento e isolamento social, assim como refor\u00e7ar campanhas pelos protocolos de seguran\u00e7a, como o uso de m\u00e1scara e limpeza constante das m\u00e3os como medidas para diminuir o cont\u00e1gio pelo coronav\u00edrus e as interna\u00e7\u00f5es pela doen\u00e7a.<\/p>\n<p>Isso porque j\u00e1 se sabe que a covid-19 leva de dez a 15 dias para se manifestar agressivamente depois de contaminar o organismo. Portanto, se hoje o n\u00famero de mortos \u00e9 considerado est\u00e1vel na casa dos 1.900 ao dia, mesmo que em patamares muito elevados, o crescimento di\u00e1rio do n\u00famero de casos ser\u00e1 em breve seguido tamb\u00e9m pelo de \u00f3bitos.<\/p>\n<p>A flexibiliza\u00e7\u00e3o generalizada da quarentena pelo pa\u00eds, a partir do fim de abril, \u00e9 resultado da redu\u00e7\u00e3o das mortes registradas no m\u00eas passado. Por sua vez, essa redu\u00e7\u00e3o s\u00f3 foi alcan\u00e7ada em raz\u00e3o das medidas de isolamento adotadas pelos estados e munic\u00edpios, especialmente em mar\u00e7o. Naquele momento, o Brasil vivia o pior momento da pandemia de covid, com mortes na casa de 4 mil por dia.<\/p>\n<p>Por\u00e9m, tais medidas foram suspensas de forma antecipada e com pouco planejamento, com reflexos j\u00e1 claros na atual tend\u00eancia de eleva\u00e7\u00e3o dos casos. Em contrapartida, pesquisa do Instituto Datafolha, nesta segunda (17), indicou que o n\u00edvel de isolamento \u00e9 o mais baixo desde o in\u00edcio da pandemia, em mar\u00e7o de 2020. Apenas 30%, do total de 2.071 pessoas consultadas entre os dias 11 e 12 maio disseram estar totalmente isoladas.<\/p>\n<p>Outros 63% responderam que tomavam cuidado, mas sa\u00edam de casa para trabalhar e fazer outras atividades. Na pesquisa anterior, em abril, os que n\u00e3o estavam em isolamento eram 24%.<\/p>\n<p>\u201cInfelizmente vemos a l\u00f3gica negacionista sendo estimulada por irresponsabilidade de governantes, especialmente o governo Bolsonaro, flexibilizando medidas em um momento dif\u00edcil. Vamos continuar cobrando dos bancos que n\u00e3o entrem nesta l\u00f3gica irrespons\u00e1vel e garantam todas medidas necess\u00e1rias. A vida e a sa\u00fade t\u00eam que estar em primeiro lugar\u201d, afirmou Mauro Salles, secret\u00e1rio de sa\u00fade da Confedera\u00e7\u00e3o Nacional dos Trabalhadores do Ramo Financeiro (Contraf-CUT).<\/p>\n<p><strong>Fonte: Contraf-CUT<\/strong><\/p>\n","protected":false},"excerpt":{"rendered":"<p>O Brasil deve superar nesta quarta-feira (19) a triste marca de 440 mil mortes causadas pela Covid-19, desde o in\u00edcio da pandemia do coronav\u00edrus, em mar\u00e7o de 2020. Na ter\u00e7a-feira (18), foram 2.513 mortes, o que levou o pa\u00eds a 439.050 \u00f3bitos. Segundo o Conselho Nacional de Secret\u00e1rios de Sa\u00fade (Conass), em um per\u00edodo de [&hellip;]<\/p>\n","protected":false},"author":2,"featured_media":10965,"comment_status":"","ping_status":"","sticky":false,"template":"","format":"standard","meta":{"footnotes":""},"categories":[3],"tags":[],"class_list":["post-10966","post","type-post","status-publish","format-standard","has-post-thumbnail","hentry","category-noticias"],"_links":{"self":[{"href":"https:\/\/hostnetart.com.br\/baixada\/wp-json\/wp\/v2\/posts\/10966","targetHints":{"allow":["GET"]}}],"collection":[{"href":"https:\/\/hostnetart.com.br\/baixada\/wp-json\/wp\/v2\/posts"}],"about":[{"href":"https:\/\/hostnetart.com.br\/baixada\/wp-json\/wp\/v2\/types\/post"}],"author":[{"embeddable":true,"href":"https:\/\/hostnetart.com.br\/baixada\/wp-json\/wp\/v2\/users\/2"}],"replies":[{"embeddable":true,"href":"https:\/\/hostnetart.com.br\/baixada\/wp-json\/wp\/v2\/comments?post=10966"}],"version-history":[{"count":0,"href":"https:\/\/hostnetart.com.br\/baixada\/wp-json\/wp\/v2\/posts\/10966\/revisions"}],"wp:featuredmedia":[{"embeddable":true,"href":"https:\/\/hostnetart.com.br\/baixada\/wp-json\/wp\/v2\/media\/10965"}],"wp:attachment":[{"href":"https:\/\/hostnetart.com.br\/baixada\/wp-json\/wp\/v2\/media?parent=10966"}],"wp:term":[{"taxonomy":"category","embeddable":true,"href":"https:\/\/hostnetart.com.br\/baixada\/wp-json\/wp\/v2\/categories?post=10966"},{"taxonomy":"post_tag","embeddable":true,"href":"https:\/\/hostnetart.com.br\/baixada\/wp-json\/wp\/v2\/tags?post=10966"}],"curies":[{"name":"wp","href":"https:\/\/api.w.org\/{rel}","templated":true}]}}