{"id":10958,"date":"2021-05-19T13:53:44","date_gmt":"2021-05-19T16:53:44","guid":{"rendered":"https:\/\/hostnetart.com.br\/baixada\/apos-cobranca-da-contraf-cut-itau-esclarece-duvidas-sobre-o-gera\/"},"modified":"2021-05-19T13:53:44","modified_gmt":"2021-05-19T16:53:44","slug":"apos-cobranca-da-contraf-cut-itau-esclarece-duvidas-sobre-o-gera","status":"publish","type":"post","link":"https:\/\/hostnetart.com.br\/baixada\/apos-cobranca-da-contraf-cut-itau-esclarece-duvidas-sobre-o-gera\/","title":{"rendered":"Ap\u00f3s cobran\u00e7a da Contraf-CUT, Ita\u00fa esclarece d\u00favidas sobre o GERA"},"content":{"rendered":"<p>A Comiss\u00e3o de Organiza\u00e7\u00e3o dos Empregados (COE) do Ita\u00fa se reuniu com a dire\u00e7\u00e3o do banco, na tarde desta ter\u00e7a-feira (18), para voltar a debater a implanta\u00e7\u00e3o do programa de remunera\u00e7\u00e3o vari\u00e1vel \u201cGERA\u201d.\u00a0<a href=\"https:\/\/contrafcut.com.br\/noticias\/contraf-cut-cobra-do-itau-esclarecimentos-sobre-o-gera\/?swcfpc=1\" target=\"_blank\" rel=\"noopener noreferrer\">No dia 7 de maio, a Confedera\u00e7\u00e3o Nacional dos Trabalhadores do Ramo Financeiro (Contraf-CUT) enviou um of\u00edcio com uma s\u00e9rie de questionamentos sobre o programa<\/a>.<\/p>\n<p>\u201cNosso objetivo \u00e9 sanar todas as d\u00favidas e transformar esse programa o mais justo poss\u00edvel para os trabalhadores\u201d, afirmou Jair Alves, coordenador da COE Ita\u00fa. \u201cVamos analisar todas as informa\u00e7\u00f5es passadas hoje e novos questionamentos devem surgir. O importante \u00e9 deixarmos o canal aberto para envi\u00e1-los e marcarmos uma nova data para tratar exclusivamente do assunto\u201d, completou.<\/p>\n<h3>Projeto Ita\u00fa 2030<\/h3>\n<p>Outro tema abordado no encontro foi o Projeto Ita\u00fa 2030. A dire\u00e7\u00e3o do banco apresentou mudan\u00e7as que foram feitas no projeto que est\u00e1 sendo implementado aos poucos em algumas ag\u00eancias do banco. Ele prev\u00ea mudan\u00e7as na estrutura de cargos, com a unifica\u00e7\u00e3o das diretorias Comercial e Operacional.\u00a0<a href=\"https:\/\/contrafcut.com.br\/noticias\/depois-de-cobranca-da-coe-itau-apresenta-novo-modelo-de-agencias\/?swcfpc=1\" target=\"_blank\" rel=\"noopener noreferrer\">O projeto foi apresentado em dezembro pelo banco, pela primeira vez<\/a>, e come\u00e7ou a ser implantado em janeiro, segundo o Ita\u00fa, a princ\u00edpio em apenas 20 unidades. O banco anunciou na reuni\u00e3o desta ter\u00e7a-feira que pretende expandir o projeto para 9 estados, na base da Federa\u00e7\u00e3o dos Trabalhadores do Ramo Financeiro do Nordeste (Fetrani\/NE), no Esp\u00edrito Santo e em S\u00e3o Paulo, j\u00e1 com as altera\u00e7\u00f5es informadas hoje.<\/p>\n<p>\u201cAlgumas das altera\u00e7\u00f5es anunciadas hoje foram baseadas nos nossos apontamentos durante este per\u00edodo inicial. \u00c9 muito importante que o banco respeite nossa mesa de negocia\u00e7\u00f5es a pontos de nos ouvir no momento da implanta\u00e7\u00e3o e conseguir fazer as altera\u00e7\u00f5es necess\u00e1rias, mesmo com o projeto em andamento\u201d, declarou Valeska Pincovai, dirigente do Sindicato dos Banc\u00e1rios de S\u00e3o Paulo e integrante da COE Ita\u00fa.<\/p>\n<p>A Comiss\u00e3o cobrou ainda o n\u00famero de envolvidos e data do in\u00edcio da nova fase do projeto.<\/p>\n<h3>Emprego<\/h3>\n<p>O movimento sindical cobrou o motivo de tantas demiss\u00f5es nos \u00faltimos meses. O banco dez uma apresenta\u00e7\u00e3o de que contratou mais do que demitiu, nos \u00faltimos dois anos. Entretanto, os representantes dos trabalhadores lembraram que as demiss\u00f5es s\u00e3o feitas nas ag\u00eancias e nos departamentos e as contrata\u00e7\u00f5es nas \u00e1reas de tecnologia do banco. A COE reivindicou a volta imediata da central de realoca\u00e7\u00e3o.<\/p>\n<p>\u201cN\u00f3s queremos o fim das demiss\u00f5es. Para esse acompanhamento, precisamos de transpar\u00eancia do banco, pois os sindicatos n\u00e3o s\u00e3o mais respons\u00e1veis pelas homologa\u00e7\u00f5es dos banc\u00e1rios demitidos\u201d, lamentou Maria Izabel, diretora do Sindicato dos Banc\u00e1rios do Rio de Janeiro e representante da COE.<\/p>\n<p><strong>Fonte: Contraf-CUT<\/strong><\/p>\n","protected":false},"excerpt":{"rendered":"<p>A Comiss\u00e3o de Organiza\u00e7\u00e3o dos Empregados (COE) do Ita\u00fa se reuniu com a dire\u00e7\u00e3o do banco, na tarde desta ter\u00e7a-feira (18), para voltar a debater a implanta\u00e7\u00e3o do programa de remunera\u00e7\u00e3o vari\u00e1vel \u201cGERA\u201d.\u00a0No dia 7 de maio, a Confedera\u00e7\u00e3o Nacional dos Trabalhadores do Ramo Financeiro (Contraf-CUT) enviou um of\u00edcio com uma s\u00e9rie de questionamentos sobre [&hellip;]<\/p>\n","protected":false},"author":2,"featured_media":10957,"comment_status":"","ping_status":"","sticky":false,"template":"","format":"standard","meta":{"footnotes":""},"categories":[3],"tags":[],"class_list":["post-10958","post","type-post","status-publish","format-standard","has-post-thumbnail","hentry","category-noticias"],"_links":{"self":[{"href":"https:\/\/hostnetart.com.br\/baixada\/wp-json\/wp\/v2\/posts\/10958","targetHints":{"allow":["GET"]}}],"collection":[{"href":"https:\/\/hostnetart.com.br\/baixada\/wp-json\/wp\/v2\/posts"}],"about":[{"href":"https:\/\/hostnetart.com.br\/baixada\/wp-json\/wp\/v2\/types\/post"}],"author":[{"embeddable":true,"href":"https:\/\/hostnetart.com.br\/baixada\/wp-json\/wp\/v2\/users\/2"}],"replies":[{"embeddable":true,"href":"https:\/\/hostnetart.com.br\/baixada\/wp-json\/wp\/v2\/comments?post=10958"}],"version-history":[{"count":0,"href":"https:\/\/hostnetart.com.br\/baixada\/wp-json\/wp\/v2\/posts\/10958\/revisions"}],"wp:featuredmedia":[{"embeddable":true,"href":"https:\/\/hostnetart.com.br\/baixada\/wp-json\/wp\/v2\/media\/10957"}],"wp:attachment":[{"href":"https:\/\/hostnetart.com.br\/baixada\/wp-json\/wp\/v2\/media?parent=10958"}],"wp:term":[{"taxonomy":"category","embeddable":true,"href":"https:\/\/hostnetart.com.br\/baixada\/wp-json\/wp\/v2\/categories?post=10958"},{"taxonomy":"post_tag","embeddable":true,"href":"https:\/\/hostnetart.com.br\/baixada\/wp-json\/wp\/v2\/tags?post=10958"}],"curies":[{"name":"wp","href":"https:\/\/api.w.org\/{rel}","templated":true}]}}