{"id":10956,"date":"2021-05-18T17:38:51","date_gmt":"2021-05-18T20:38:51","guid":{"rendered":"https:\/\/hostnetart.com.br\/baixada\/contraf-cut-reivindica-ampliacao-de-prazo-para-que-gerentes-gerais-de-rede-apresentem-cpa-20\/"},"modified":"2021-05-18T17:38:51","modified_gmt":"2021-05-18T20:38:51","slug":"contraf-cut-reivindica-ampliacao-de-prazo-para-que-gerentes-gerais-de-rede-apresentem-cpa-20","status":"publish","type":"post","link":"https:\/\/hostnetart.com.br\/baixada\/contraf-cut-reivindica-ampliacao-de-prazo-para-que-gerentes-gerais-de-rede-apresentem-cpa-20\/","title":{"rendered":"Contraf-CUT reivindica amplia\u00e7\u00e3o de prazo para que gerentes gerais de Rede apresentem CPA-20"},"content":{"rendered":"<p>A Confedera\u00e7\u00e3o Nacional dos Trabalhadores do Ramo Financeiro (Contraf-CUT) enviou um of\u00edcio \u00e0 vice-presid\u00eancia Rede de Varejo (Vired) para reivindicar a amplia\u00e7\u00e3o do prazo para que os gerentes gerais de Rede apresentem certifica\u00e7\u00e3o CPA-20. O assunto tamb\u00e9m foi tratado na reuni\u00e3o da mesa permanente ocorrida em 11 de maio.<\/p>\n<p>As entidades representativas dos empregados receberam relatos sobre uma atualiza\u00e7\u00e3o do MN RH 142, que informa que, a partir de 1\u00ba de julho, a certifica\u00e7\u00e3o exigida para o exerc\u00edcio da fun\u00e7\u00e3o de gerente geral de Rede deixa de ser a CPA-10 e passa a ser a CPA-20. A exig\u00eancia estende-se aos substitutos eventuais, conforme previsto no MN RH 184, item 3.7.1.<\/p>\n<p>\u201cO agendamento da Anbima (Associa\u00e7\u00e3o Brasileira das Entidades dos Mercados Financeiro e de Capitais) est\u00e1 suspenso por causa da pandemia e s\u00f3 poder\u00e1 ser feito a partir de 15 de junho, o que deixa um curto espa\u00e7o para a certifica\u00e7\u00e3o podendo prejudicar os trabalhadores\u201d, explicou Fabiana Uehara Proscholdt, secret\u00e1ria da Cultura da Contraf-CUT e coordenadora da Comiss\u00e3o Executiva dos Empregados (CEE\/ Caixa).<\/p>\n<p><strong>Fonte: Contraf-CUT<\/strong><\/p>\n","protected":false},"excerpt":{"rendered":"<p>A Confedera\u00e7\u00e3o Nacional dos Trabalhadores do Ramo Financeiro (Contraf-CUT) enviou um of\u00edcio \u00e0 vice-presid\u00eancia Rede de Varejo (Vired) para reivindicar a amplia\u00e7\u00e3o do prazo para que os gerentes gerais de Rede apresentem certifica\u00e7\u00e3o CPA-20. O assunto tamb\u00e9m foi tratado na reuni\u00e3o da mesa permanente ocorrida em 11 de maio. As entidades representativas dos empregados receberam [&hellip;]<\/p>\n","protected":false},"author":2,"featured_media":10955,"comment_status":"","ping_status":"","sticky":false,"template":"","format":"standard","meta":{"footnotes":""},"categories":[3],"tags":[],"class_list":["post-10956","post","type-post","status-publish","format-standard","has-post-thumbnail","hentry","category-noticias"],"_links":{"self":[{"href":"https:\/\/hostnetart.com.br\/baixada\/wp-json\/wp\/v2\/posts\/10956","targetHints":{"allow":["GET"]}}],"collection":[{"href":"https:\/\/hostnetart.com.br\/baixada\/wp-json\/wp\/v2\/posts"}],"about":[{"href":"https:\/\/hostnetart.com.br\/baixada\/wp-json\/wp\/v2\/types\/post"}],"author":[{"embeddable":true,"href":"https:\/\/hostnetart.com.br\/baixada\/wp-json\/wp\/v2\/users\/2"}],"replies":[{"embeddable":true,"href":"https:\/\/hostnetart.com.br\/baixada\/wp-json\/wp\/v2\/comments?post=10956"}],"version-history":[{"count":0,"href":"https:\/\/hostnetart.com.br\/baixada\/wp-json\/wp\/v2\/posts\/10956\/revisions"}],"wp:featuredmedia":[{"embeddable":true,"href":"https:\/\/hostnetart.com.br\/baixada\/wp-json\/wp\/v2\/media\/10955"}],"wp:attachment":[{"href":"https:\/\/hostnetart.com.br\/baixada\/wp-json\/wp\/v2\/media?parent=10956"}],"wp:term":[{"taxonomy":"category","embeddable":true,"href":"https:\/\/hostnetart.com.br\/baixada\/wp-json\/wp\/v2\/categories?post=10956"},{"taxonomy":"post_tag","embeddable":true,"href":"https:\/\/hostnetart.com.br\/baixada\/wp-json\/wp\/v2\/tags?post=10956"}],"curies":[{"name":"wp","href":"https:\/\/api.w.org\/{rel}","templated":true}]}}