{"id":10954,"date":"2021-05-18T03:25:38","date_gmt":"2021-05-18T06:25:38","guid":{"rendered":"https:\/\/hostnetart.com.br\/baixada\/defesa-dos-bancos-publicos-se-espalha-pelo-pais\/"},"modified":"2021-05-18T03:25:38","modified_gmt":"2021-05-18T06:25:38","slug":"defesa-dos-bancos-publicos-se-espalha-pelo-pais","status":"publish","type":"post","link":"https:\/\/hostnetart.com.br\/baixada\/defesa-dos-bancos-publicos-se-espalha-pelo-pais\/","title":{"rendered":"Defesa dos bancos p\u00fablicos se espalha pelo pa\u00eds"},"content":{"rendered":"<p>Sindicatos dos banc\u00e1rios de todo o pa\u00eds, assim como associa\u00e7\u00f5es e federa\u00e7\u00f5es de trabalhadores da categoria est\u00e3o em campanha em defesa dos bancos p\u00fablicos e contra os ataques promovidos pelo governo Bolsonaro, que prejudicam a atua\u00e7\u00e3o de fomento do desenvolvimento da economia e o atendimento \u00e0 popula\u00e7\u00e3o.<\/p>\n<p>\u201cPelo menos desde 2016, os ataques s\u00e3o incessantes. Fecham ag\u00eancias, reduzem o quadro de pessoal e exigem a devolu\u00e7\u00e3o de recursos ao Tesouro Nacional, o que afeta a capacidade destes bancos concederem cr\u00e9dito ao setor produtivo, principalmente aos pequenos empres\u00e1rios e agricultores, mas tamb\u00e9m para a educa\u00e7\u00e3o, moradia, esportes, cultura\u2026\u201d, disse a coordenadora do Grupo de Trabalho em Defesa dos Bancos P\u00fablicos da Confedera\u00e7\u00e3o Nacional dos Trabalhadores do Ramo Financeiro (Contraf-CUT), Fernanda Lopes.<\/p>\n<p><a href=\"https:\/\/bancariosbh.org.br\/sindicato-intensifica-campanha-em-defesa-dos-bancos-publicos-com-outdoors-em-vias-de-grande-circulacao\/\" target=\"_blank\" rel=\"noopener noreferrer\">Em Belo Horizonte e Contagem (MG)<\/a>, por exemplo, outdoors instalados em grandes vias p\u00fablicas alertam a popula\u00e7\u00e3o sobre a import\u00e2ncia da Caixa Econ\u00f4mica Federal e do Banco do Brasil. As pe\u00e7as destacam o papel fundamental destes bancos no desenvolvimento do pa\u00eds.<\/p>\n<p><a href=\"http:\/\/www.bancariospe.org.br\/noticiasapp.asp?codigo=20372\" target=\"_blank\" rel=\"noopener noreferrer\">Em Pernambuco<\/a>, o Sindicato dos Banc\u00e1rios espalhou outdoors destacando a import\u00e2ncia do Banco do Brasil, da Caixa e do Banco do Nordeste tanto na Regi\u00e3o Metropolitana do Recife (RMR) quanto no Interior do estado.\u00a0<a href=\"https:\/\/contrafcut.com.br\/noticias\/outdoors-mostram-a-importancia-do-bb-para-populacao-de-londrina-pr\/\" target=\"_blank\" rel=\"noopener noreferrer\">Em Londrina (PR) e regi\u00e3o<\/a>, regi\u00e3o onde o setor agropecu\u00e1rio tem grande for\u00e7a, o destaque \u00e9 o Banco do Brasil.<\/p>\n<p>\u201cA mobiliza\u00e7\u00e3o em defesa da Caixa, do Banco do Brasil, do BNDES, do Banco do Nordeste, do Banco da Amaz\u00f4nia e dos demais bancos p\u00fablicos estaduais e regionais \u00e9 uma prioridade do movimento sindical banc\u00e1rio. Mas, a popula\u00e7\u00e3o sabe o quanto estes bancos s\u00e3o importantes para a gera\u00e7\u00e3o de emprego, produ\u00e7\u00e3o de alimentos, constru\u00e7\u00e3o de moradias e para tantas outras pol\u00edticas do governo. Por isso, todas as pesquisas mostram que os brasileiros s\u00e3o contra a privatiza\u00e7\u00e3o\u201d, ressaltou a coordenadora da Comiss\u00e3o Executiva dos Empregados (CEE) da Caixa, Fabiana Uehara Proscholdt, que tamb\u00e9m \u00e9 secret\u00e1ria de Cultura da Contraf-CUT.<\/p>\n<h3>Nas redes<\/h3>\n<p>\u201cMais do que mostrar a import\u00e2ncia destes bancos, nossa a\u00e7\u00e3o visa convocar a popula\u00e7\u00e3o a se manifestar nas redes sociais contra a privatiza\u00e7\u00e3o e os ataques promovidos pelo governo. Quem \u00e9 contra deve deixar isso bem claro para o governo, para os parlamentares, prefeitos e associa\u00e7\u00f5es comerciais, industriais e agropecu\u00e1rias\u201d, disse Fabiana.<\/p>\n<p>\u201cS\u00e3o os bancos p\u00fablicos que investem nas pequenas e microempresas, que s\u00e3o as maiores geradoras de emprego no pa\u00eds, na produ\u00e7\u00e3o agropecu\u00e1ria, principalmente nos pequenos produtores, que levam os alimentos at\u00e9 nossas mesas, na constru\u00e7\u00e3o de moradias para a popula\u00e7\u00e3o de baixa renda, que investem nas obras de infraestrutura, nos transportes, na rede de saneamento b\u00e1sico, na educa\u00e7\u00e3o. Sem os bancos p\u00fablicos, o pa\u00eds sair\u00e1 perdendo. Por isso, temos que dizer n\u00e3o \u00e0 privatiza\u00e7\u00e3o\u201d, concluiu Fernanda.<\/p>\n<p>A Contraf-CUT e os sindicatos da categoria iniciam, a partir da pr\u00f3xima semana, uma a\u00e7\u00e3o nas redes sociais para ressaltar a import\u00e2ncia dos bancos p\u00fablicos e convocar toda a popula\u00e7\u00e3o a mostrar sua contrariedade aos ataques contra os bancos e sua privatiza\u00e7\u00e3o.<\/p>\n<p><strong>Fonte: Contraf-CUT<\/strong><\/p>\n","protected":false},"excerpt":{"rendered":"<p>Sindicatos dos banc\u00e1rios de todo o pa\u00eds, assim como associa\u00e7\u00f5es e federa\u00e7\u00f5es de trabalhadores da categoria est\u00e3o em campanha em defesa dos bancos p\u00fablicos e contra os ataques promovidos pelo governo Bolsonaro, que prejudicam a atua\u00e7\u00e3o de fomento do desenvolvimento da economia e o atendimento \u00e0 popula\u00e7\u00e3o. \u201cPelo menos desde 2016, os ataques s\u00e3o incessantes. [&hellip;]<\/p>\n","protected":false},"author":2,"featured_media":10953,"comment_status":"","ping_status":"","sticky":false,"template":"","format":"standard","meta":{"footnotes":""},"categories":[3],"tags":[],"class_list":["post-10954","post","type-post","status-publish","format-standard","has-post-thumbnail","hentry","category-noticias"],"_links":{"self":[{"href":"https:\/\/hostnetart.com.br\/baixada\/wp-json\/wp\/v2\/posts\/10954","targetHints":{"allow":["GET"]}}],"collection":[{"href":"https:\/\/hostnetart.com.br\/baixada\/wp-json\/wp\/v2\/posts"}],"about":[{"href":"https:\/\/hostnetart.com.br\/baixada\/wp-json\/wp\/v2\/types\/post"}],"author":[{"embeddable":true,"href":"https:\/\/hostnetart.com.br\/baixada\/wp-json\/wp\/v2\/users\/2"}],"replies":[{"embeddable":true,"href":"https:\/\/hostnetart.com.br\/baixada\/wp-json\/wp\/v2\/comments?post=10954"}],"version-history":[{"count":0,"href":"https:\/\/hostnetart.com.br\/baixada\/wp-json\/wp\/v2\/posts\/10954\/revisions"}],"wp:featuredmedia":[{"embeddable":true,"href":"https:\/\/hostnetart.com.br\/baixada\/wp-json\/wp\/v2\/media\/10953"}],"wp:attachment":[{"href":"https:\/\/hostnetart.com.br\/baixada\/wp-json\/wp\/v2\/media?parent=10954"}],"wp:term":[{"taxonomy":"category","embeddable":true,"href":"https:\/\/hostnetart.com.br\/baixada\/wp-json\/wp\/v2\/categories?post=10954"},{"taxonomy":"post_tag","embeddable":true,"href":"https:\/\/hostnetart.com.br\/baixada\/wp-json\/wp\/v2\/tags?post=10954"}],"curies":[{"name":"wp","href":"https:\/\/api.w.org\/{rel}","templated":true}]}}