{"id":10952,"date":"2021-05-18T03:20:28","date_gmt":"2021-05-18T06:20:28","guid":{"rendered":"https:\/\/hostnetart.com.br\/baixada\/fenae-e-contraf-cut-entram-com-embargos-declaratorios-na-acao-civil-publica-do-concurso-de-2014\/"},"modified":"2021-05-18T03:20:28","modified_gmt":"2021-05-18T06:20:28","slug":"fenae-e-contraf-cut-entram-com-embargos-declaratorios-na-acao-civil-publica-do-concurso-de-2014","status":"publish","type":"post","link":"https:\/\/hostnetart.com.br\/baixada\/fenae-e-contraf-cut-entram-com-embargos-declaratorios-na-acao-civil-publica-do-concurso-de-2014\/","title":{"rendered":"Fenae e Contraf-CUT entram com embargos declarat\u00f3rios na A\u00e7\u00e3o Civil P\u00fablica do concurso de 2014"},"content":{"rendered":"<p>A Confedera\u00e7\u00e3o Nacional dos Trabalhadores do Ramo Financeiro (Contraf-CUT) e a Federa\u00e7\u00e3o Nacional das Associa\u00e7\u00f5es do Pessoal da Caixa (Fenae) ingressaram com pedido de esclarecimentos na A\u00e7\u00e3o Civil P\u00fablica (ACP) que trata da contrata\u00e7\u00e3o dos aprovados no concurso da Caixa de 2014 e tem as duas entidades como assistentes. Com essa medida, a ACP n\u00e3o transitou em julgado, o que abre possibilidade para novas contrata\u00e7\u00f5es. Segundo a assessoria jur\u00eddica das entidades, n\u00e3o h\u00e1 prazo para os desembargadores julgarem os embargos declarat\u00f3rios.<\/p>\n<p>No dia 7 de abril o TRT, emitiu decis\u00e3o favor\u00e1vel \u00e0 nomea\u00e7\u00e3o dos aprovados e prorrogou a validade do concurso de 2014 at\u00e9 o tr\u00e2nsito em julgado da a\u00e7\u00e3o. Segundo a decis\u00e3o do Tribunal, caso a Caixa realize novo concurso, deve dar prioridade aos concursados de 2014.<\/p>\n<p>\u00c9 sobre este ponto que a assessoria jur\u00eddica da Fenae e da Contraf-CUT pedem esclarecimentos. Foi solicitado ao Tribunal que explicite como deve se dar essa prioridade de contrata\u00e7\u00e3o dos aprovados em 2014, caso o banco promova novo certame.<\/p>\n<p>Outra quest\u00e3o, que consta nos embargos declarat\u00f3rios, \u00e9 sobre a multa por descumprimento da decis\u00e3o por parte da Caixa. A medida est\u00e1 no Ac\u00f3rd\u00e3o, mas n\u00e3o foi inclu\u00edda no dispositivo (resumo final) da decis\u00e3o.<\/p>\n<p>\u201cNossa luta sempre \u00e9 em defesa da Caixa. A contrata\u00e7\u00e3o imediata de mais empregados \u00e9 fundamental para dar melhor condi\u00e7\u00f5es de trabalho para quem est\u00e1 na linha de frente e garante tamb\u00e9m melhor atendimento para a popula\u00e7\u00e3o. Mais empregados para a Caixa \u00e9 mais Caixa para o Brasil, ganham todos assim!\u201d, afirmou Fabiana Uehara Proscholdt, coordenadora da Comiss\u00e3o Executiva da Caixa e secret\u00e1ria da Cultura da Contraf-CUT.<\/p>\n<h3>Entenda o caso<\/h3>\n<p>Em 25 de janeiro de 2016, a Fenae entrou como assistente na A\u00e7\u00e3o Civil P\u00fablica, de autoria do Minist\u00e9rio P\u00fablico do Trabalho (MPT) contra a Caixa Econ\u00f4mica Federal para prorrogar a validade dos concursos (at\u00e9 o julgamento final da a\u00e7\u00e3o); n\u00e3o fazer concurso apenas para a forma\u00e7\u00e3o de cadastro de reserva e divulgar o n\u00famero de vagas existentes na data do edital e dar prioridade dos atuais concursados em caso de realiza\u00e7\u00e3o de novo concurso.\u00a0<\/p>\n<p>\u201cIsso nos deu condi\u00e7\u00f5es de contribuir ainda mais com a luta para que a Caixa retomasse as contrata\u00e7\u00f5es. Um dos problemas do banco continua sendo a falta de pessoal. A cada dia piora a situa\u00e7\u00e3o de sobrecarga e adoecimento nas unidades de todo o pa\u00eds\u201d, alerta o presidente da Fenae, Sergio Takemoto.<\/p>\n<p>Mais de 6 mil empregados aprovados em concurso foram contratados por for\u00e7a da A\u00e7\u00e3o Civil P\u00fablica. Isto representa 4 mil a mais do quantitativo pleiteado quando a a\u00e7\u00e3o come\u00e7ou.<\/p>\n<h3>Mais empregados e melhor atendimento \u00e0 popula\u00e7\u00e3o<\/h3>\n<p>Dados relativos ao 1\u00ba trimestre de 2021, divulgados quarta-feira passada (12), apontam que o banco tem 81.876 empregados, com fechamento de 2.943 postos de trabalho em doze meses, influenciado pelo Programa de Desligamento Volunt\u00e1rio (PDV) lan\u00e7ado em novembro, que teve ades\u00e3o de 2.113 empregados.<\/p>\n<p>De 2014, quando o n\u00famero de empregados era de 101,5 mil at\u00e9 2021, o d\u00e9ficit de trabalhadores \u00e9 de aproximadamente 20 mil empregados. Por outro lado, o banco registrou incremento de aproximadamente 42,4 milh\u00f5es de novos clientes.<\/p>\n<p><strong>Fonte: Contraf-CUT<\/strong><\/p>\n","protected":false},"excerpt":{"rendered":"<p>A Confedera\u00e7\u00e3o Nacional dos Trabalhadores do Ramo Financeiro (Contraf-CUT) e a Federa\u00e7\u00e3o Nacional das Associa\u00e7\u00f5es do Pessoal da Caixa (Fenae) ingressaram com pedido de esclarecimentos na A\u00e7\u00e3o Civil P\u00fablica (ACP) que trata da contrata\u00e7\u00e3o dos aprovados no concurso da Caixa de 2014 e tem as duas entidades como assistentes. Com essa medida, a ACP n\u00e3o [&hellip;]<\/p>\n","protected":false},"author":2,"featured_media":10951,"comment_status":"","ping_status":"","sticky":false,"template":"","format":"standard","meta":{"footnotes":""},"categories":[3],"tags":[],"class_list":["post-10952","post","type-post","status-publish","format-standard","has-post-thumbnail","hentry","category-noticias"],"_links":{"self":[{"href":"https:\/\/hostnetart.com.br\/baixada\/wp-json\/wp\/v2\/posts\/10952","targetHints":{"allow":["GET"]}}],"collection":[{"href":"https:\/\/hostnetart.com.br\/baixada\/wp-json\/wp\/v2\/posts"}],"about":[{"href":"https:\/\/hostnetart.com.br\/baixada\/wp-json\/wp\/v2\/types\/post"}],"author":[{"embeddable":true,"href":"https:\/\/hostnetart.com.br\/baixada\/wp-json\/wp\/v2\/users\/2"}],"replies":[{"embeddable":true,"href":"https:\/\/hostnetart.com.br\/baixada\/wp-json\/wp\/v2\/comments?post=10952"}],"version-history":[{"count":0,"href":"https:\/\/hostnetart.com.br\/baixada\/wp-json\/wp\/v2\/posts\/10952\/revisions"}],"wp:featuredmedia":[{"embeddable":true,"href":"https:\/\/hostnetart.com.br\/baixada\/wp-json\/wp\/v2\/media\/10951"}],"wp:attachment":[{"href":"https:\/\/hostnetart.com.br\/baixada\/wp-json\/wp\/v2\/media?parent=10952"}],"wp:term":[{"taxonomy":"category","embeddable":true,"href":"https:\/\/hostnetart.com.br\/baixada\/wp-json\/wp\/v2\/categories?post=10952"},{"taxonomy":"post_tag","embeddable":true,"href":"https:\/\/hostnetart.com.br\/baixada\/wp-json\/wp\/v2\/tags?post=10952"}],"curies":[{"name":"wp","href":"https:\/\/api.w.org\/{rel}","templated":true}]}}