{"id":10950,"date":"2021-05-18T03:16:08","date_gmt":"2021-05-18T06:16:08","guid":{"rendered":"https:\/\/hostnetart.com.br\/baixada\/17-de-maio-e-o-dia-internacional-contra-a-homofobia\/"},"modified":"2021-05-18T03:16:08","modified_gmt":"2021-05-18T06:16:08","slug":"17-de-maio-e-o-dia-internacional-contra-a-homofobia","status":"publish","type":"post","link":"https:\/\/hostnetart.com.br\/baixada\/17-de-maio-e-o-dia-internacional-contra-a-homofobia\/","title":{"rendered":"17 de maio \u00e9 o Dia Internacional Contra a Homofobia"},"content":{"rendered":"<p>A data de 17 de maio \u00e9 o Dia Internacional Contra a Homofobia. Nesse dia, em 1990, a Organiza\u00e7\u00e3o Mundial da Sa\u00fade (OMS) retirou a homossexualidade da classifica\u00e7\u00e3o estat\u00edstica internacional de doen\u00e7as e problemas relacionados \u00e0 sa\u00fade. A data \u00e9 uma oportunidade para a organiza\u00e7\u00e3o de atividades que promovam e apoiem a igualdade de direitos dos homossexuais e da comunidade LGBTQIA+.<\/p>\n<p>\u201cConsideramos a decis\u00e3o da OMS um avan\u00e7o importante no combate \u00e0 discrimina\u00e7\u00e3o. A data deve ser lembrada sempre com indigna\u00e7\u00e3o daqueles que n\u00e3o querem compreender e respeitar a nossa orienta\u00e7\u00e3o sexual.\u00a0 \u00c9 uma das primeiras grandes conquistas da comunidade LGBTQIA+. N\u00e3o h\u00e1 cura pra quem n\u00e3o tem doen\u00e7a! Parem de nos matar!!\u201d, declarou Adilson Barros, diretor da Confedera\u00e7\u00e3o Nacional dos Trabalhadores do Ramos Financeiro (Contraf-CUT).<\/p>\n<p>O Brasil tem tristes n\u00fameros sobre a viol\u00eancia contra homossexuais. A cada hora, uma pessoa LGBTQIA+ \u00e9 v\u00edtima de agress\u00e3o f\u00edsica no pa\u00eds., de acordo com dados do Sistema \u00danico de Sa\u00fade (SUS). No ano passado, foram assassinadas 175 pessoas transexuais no Brasil, de acordo com levantamento da Associa\u00e7\u00e3o Nacional de Travestis e Transexuais (Antra). O n\u00famero representa aumento de 29% em rela\u00e7\u00e3o \u00e0s 124 mortes registradas em 2019. A m\u00e9dia \u00e9 de um assassinato de transexual a cada 48 horas no Brasil.<\/p>\n<p><strong>Fonte: Contraf-CUT<\/strong><\/p>\n","protected":false},"excerpt":{"rendered":"<p>A data de 17 de maio \u00e9 o Dia Internacional Contra a Homofobia. Nesse dia, em 1990, a Organiza\u00e7\u00e3o Mundial da Sa\u00fade (OMS) retirou a homossexualidade da classifica\u00e7\u00e3o estat\u00edstica internacional de doen\u00e7as e problemas relacionados \u00e0 sa\u00fade. A data \u00e9 uma oportunidade para a organiza\u00e7\u00e3o de atividades que promovam e apoiem a igualdade de direitos [&hellip;]<\/p>\n","protected":false},"author":2,"featured_media":10949,"comment_status":"","ping_status":"","sticky":false,"template":"","format":"standard","meta":{"footnotes":""},"categories":[3],"tags":[],"class_list":["post-10950","post","type-post","status-publish","format-standard","has-post-thumbnail","hentry","category-noticias"],"_links":{"self":[{"href":"https:\/\/hostnetart.com.br\/baixada\/wp-json\/wp\/v2\/posts\/10950","targetHints":{"allow":["GET"]}}],"collection":[{"href":"https:\/\/hostnetart.com.br\/baixada\/wp-json\/wp\/v2\/posts"}],"about":[{"href":"https:\/\/hostnetart.com.br\/baixada\/wp-json\/wp\/v2\/types\/post"}],"author":[{"embeddable":true,"href":"https:\/\/hostnetart.com.br\/baixada\/wp-json\/wp\/v2\/users\/2"}],"replies":[{"embeddable":true,"href":"https:\/\/hostnetart.com.br\/baixada\/wp-json\/wp\/v2\/comments?post=10950"}],"version-history":[{"count":0,"href":"https:\/\/hostnetart.com.br\/baixada\/wp-json\/wp\/v2\/posts\/10950\/revisions"}],"wp:featuredmedia":[{"embeddable":true,"href":"https:\/\/hostnetart.com.br\/baixada\/wp-json\/wp\/v2\/media\/10949"}],"wp:attachment":[{"href":"https:\/\/hostnetart.com.br\/baixada\/wp-json\/wp\/v2\/media?parent=10950"}],"wp:term":[{"taxonomy":"category","embeddable":true,"href":"https:\/\/hostnetart.com.br\/baixada\/wp-json\/wp\/v2\/categories?post=10950"},{"taxonomy":"post_tag","embeddable":true,"href":"https:\/\/hostnetart.com.br\/baixada\/wp-json\/wp\/v2\/tags?post=10950"}],"curies":[{"name":"wp","href":"https:\/\/api.w.org\/{rel}","templated":true}]}}