{"id":1095,"date":"2014-05-02T00:00:00","date_gmt":"2014-05-02T03:00:00","guid":{"rendered":"https:\/\/hostnetart.com.br\/baixada\/1-de-maio-da-cut-defende-continuidade-do-atual-projeto-politico-brasileiro\/"},"modified":"2014-05-02T00:00:00","modified_gmt":"2014-05-02T03:00:00","slug":"1-de-maio-da-cut-defende-continuidade-do-atual-projeto-politico-brasileiro","status":"publish","type":"post","link":"https:\/\/hostnetart.com.br\/baixada\/1-de-maio-da-cut-defende-continuidade-do-atual-projeto-politico-brasileiro\/","title":{"rendered":"1\u00ba de Maio da CUT defende continuidade do atual projeto pol\u00edtico brasileiro"},"content":{"rendered":"<p>As lideran\u00e7as sindicais e dos partidos PT, PSB, PC do B, PMDB e PDT, que falaram nesta quarta-feira durante o ato pol\u00edtico do 1\u00ba de Maio da CUT, CTB, UGT e CSB, destacaram que todos os recentes avan\u00e7os sociais obtidos nos \u00faltimos anos s\u00e3o resultado, em grande parte, da a\u00e7\u00e3o do movimento sindical.<\/p>\n<p>As mobiliza\u00e7\u00f5es de rua, a organiza\u00e7\u00e3o nos locais de trabalho, as greves e a a\u00e7\u00e3o coordenada junto aos tr\u00eas poderes, que no passado foram fundamentais para a luta contra a opress\u00e3o e o arrocho salarial, t\u00eam sido atualmente respons\u00e1veis por conquistas como os maiores aumentos salariais das \u00faltimas d\u00e9cadas, a pol\u00edtica de valoriza\u00e7\u00e3o do sal\u00e1rio m\u00ednimo, o aumento do emprego com carteira assinada e pelas sucessivas atualiza\u00e7\u00f5es da tabela do imposto de renda, como a anunciada ontem pela presidenta Dilma.<\/p>\n<p>Ao longo de todo o dia, mais de 100 mil trabalhadores e trabalhadoras participaram da comemora\u00e7\u00e3o, realizada no Vale do Anhangaba\u00fa, capital paulista.<\/p>\n<p><strong>Impedir o retrocesso<\/strong><\/p>\n<p>\u201cFoi um 1\u00ba de Maio vitorioso porque reunimos as principais centrais sindicais e n\u00e3o abrimos espa\u00e7o, em nosso palco, para representantes das elites, dos empres\u00e1rios e de partidos que representam o retrocesso, como aconteceu pr\u00f3ximo ao campo de Marte\u201d, avaliou o presidente nacional da CUT, Vagner Freitas, ao mesmo tempo em que criticou as celebra\u00e7\u00f5es realizadas pela For\u00e7a Sindical.<\/p>\n<p>Para Vagner, a unidade das centrais e a pauta essencialmente classista defendida nesse 1\u00ba de Maio v\u00e3o impulsionar o movimento sindical na luta para destravar as reivindica\u00e7\u00f5es da classe trabalhadora que est\u00e3o em compasso de espera no Congresso Nacional.<\/p>\n<p>O pr\u00f3ximo cap\u00edtulo dessa luta vai ocorrer no dia 6, ter\u00e7a-feira, quando as lideran\u00e7as das centrais v\u00e3o participar de audi\u00eancia no plen\u00e1rio da C\u00e2mara dos Deputados para defender a aprova\u00e7\u00e3o de projetos como a redu\u00e7\u00e3o da jornada sem redu\u00e7\u00e3o de sal\u00e1rio, o fim do fator previdenci\u00e1rio e a regulamenta\u00e7\u00e3o da negocia\u00e7\u00e3o no setor p\u00fablico, entre outros pontos que j\u00e1 foram apresentados durante a 8\u00aa Marcha Nacional da Classe Trabalhadora.<\/p>\n<p>\u201cVamos cobrar do presidente da C\u00e2mara, o deputado Henrique Alves (PMDB-RN), agilidade e cumprimento dos compromissos que o Legislativo tem com o povo e com os trabalhadores\u201d, disse Vagner.<\/p>\n<p>O ato pol\u00edtico teve in\u00edcio por volta das 17h, ap\u00f3s a apresenta\u00e7\u00e3o do Hino Nacional pelas m\u00e3os do maestro Jo\u00e3o Carlos Martins, e de uma vers\u00e3o de Ave Maria na voz do tenor Jean William.<\/p>\n<p><strong>Comunica\u00e7\u00e3o: O desafio do s\u00e9culo<\/strong><\/p>\n<p>Adi dos Santos Lima, presidente da CUT-SP, organizadora das comemora\u00e7\u00f5es, avaliou que o tema adotado este ano \u2013 \u201cComunica\u00e7\u00e3o: O Desafio do S\u00e9culo\u201d \u2013 foi mais do que acertado.<\/p>\n<p>\u201cTemos hoje em dia um monop\u00f3lio elitista dos meios de comunica\u00e7\u00e3o, que quase sem parar transmite mensagens que desqualificam ou fazem caricatura dos trabalhadores, e que pregam a demoniza\u00e7\u00e3o da pol\u00edtica. Grande parte do desencanto com a pol\u00edtica \u00e9 fruto de anos e anos de uma mensagem contra a pol\u00edtica e contra o povo\u201d, comentou.<\/p>\n<p>No ato pol\u00edtico, Wagner Gomes, representante da CTB, lembrou a origem do Dia do Trabalhador. \u201cO 1\u00ba de Maio existe para homenagear os trabalhadores e trabalhadoras assassinados em 1886 em Chicago, quando lutavam contra os patr\u00f5es por direitos trabalhistas como redu\u00e7\u00e3o de jornada. E nossa luta continua hoje\u201d.<\/p>\n<p>Representando o PSB, Joilson Cardoso saudou o p\u00fablico lembrando que \u201cesta festa que fazemos aqui, com m\u00fasica e cultura, \u00e9 tamb\u00e9m a festa para celebrar a luta de s\u00e9culos dos trabalhadores\u201d.<\/p>\n<p><strong>Valorizar conquistas<\/strong><\/p>\n<p>Renato Rebelo, presidente nacional do PCdoB lembrou ao p\u00fablico a import\u00e2ncia das elei\u00e7\u00f5es deste ano. \u201cHoje precisamos refletir muito sobre quem defende de fato o direito dos trabalhadores. Apesar da crise econ\u00f4mica no mundo inteiro, Dilma tem mantido a oferta de emprego. Lembrem-se que a oposi\u00e7\u00e3o diz ser uma amea\u00e7a aumentar o sal\u00e1rio m\u00ednimo. Diante disso, qual caminho vamos tomar em 2014?\u201d, questionou.<\/p>\n<p>O presidente da Contag, Alberto Broch, foi enf\u00e1tico ao afirmar que \u201cqueremos unir os trabalhadores urbanos e rurais na luta pela reforma agr\u00e1ria, pois quem produz comida para o povo n\u00e3o s\u00e3o os latifundi\u00e1rios, e sim os agricultores familiares\u201d.<\/p>\n<p>Ministro da Articula\u00e7\u00e3o Pol\u00edtica do governo Dilma, Ricardo Berzoini, saudou a plateia: \u201choje \u00e9 um dia de luta e reflex\u00e3o. Viva a classe trabalhadora\u201d. Outro ministro do governo, o do Trabalho e Emprego, Manoel Dias, exortou o p\u00fablico a refletir a import\u00e2ncia dessa data, para al\u00e9m da m\u00fasica e da festa. \u201cCada trabalhador e trabalhadora \u00e9 portador de uma intensa e cont\u00ednua luta, por si mesmo e pela comunidade\u201d.<\/p>\n<p>Presidente da CSB, Antonio Neto lembrou que o 1\u00ba de Maio tem a fun\u00e7\u00e3o de tamb\u00e9m mostrar as conquistas da classe trabalhadora e como chegamos a elas\u201d.<\/p>\n<p>Falando pela CTB, seu presidente, Adilson Ara\u00fajo, destacou o tema escolhido para as celebra\u00e7\u00f5es deste ano. \u201cN\u00f3s lutamos pela democratiza\u00e7\u00e3o da comunica\u00e7\u00e3o porque n\u00e3o \u00e9 mais poss\u00edvel ver a TV mostrando o pobre sempre de maneira negativa\u201d. Canind\u00e9 Pegado, da UGT, afirmou: \u201cSaibam voc\u00eas que muitas das melhores condi\u00e7\u00f5es de vida que conquistaram tiveram participa\u00e7\u00e3o dessas entidades sindicais\u201d.<\/p>\n<p><strong>Banir o racismo<\/strong><\/p>\n<p>Encerraram o ato o senador Eduardo Suplicy (PT-SP) e o ex-ministro da Sa\u00fade e candidato ao governo de S\u00e3o Paulo, Alexandre Padilha. \u201c\u00c9 preciso alcan\u00e7armos real liberdade e dignidade para voc\u00eas\u201d, disse Suplicy. \u201cQuem aqui \u00e9 contra o racismo levanta a m\u00e3o\u201d, pediu Padilha. \u201cVamos banir o racismo de nossa sociedade\u201d.<\/p>\n<p>Ap\u00f3s o ato, em entrevista \u00e0 CUT, Padilha afirmou que \u201cDilma fez um importante an\u00fancio com a corre\u00e7\u00e3o da tabela do imposto de renda e a manuten\u00e7\u00e3o da pol\u00edtica de valoriza\u00e7\u00e3o do sal\u00e1rio m\u00ednimo. Vamos comemorar o que foi alcan\u00e7ado e lutar para avan\u00e7armos ainda mais\u201d. Ao comentar sua fala antirracismo, explicou que \u201c\u201da juventude negra e da periferia sofrem nos \u00f4nibus, metr\u00f4, CPTM e, ainda, com o tratamento da pol\u00edcia\u201d.<\/p>\n<p>Fonte: Isaias Dalle, Luiz Carvalho e Vanessa Ramos \u2013 CUT<\/p>\n","protected":false},"excerpt":{"rendered":"<p>As lideran\u00e7as sindicais e dos partidos PT, PSB, PC do B, PMDB e PDT, que falaram nesta quarta-feira durante o ato pol\u00edtico do 1\u00ba de Maio da CUT, CTB, UGT e CSB, destacaram que todos os recentes avan\u00e7os sociais obtidos nos \u00faltimos anos s\u00e3o resultado, em grande parte, da a\u00e7\u00e3o do movimento sindical. As mobiliza\u00e7\u00f5es [&hellip;]<\/p>\n","protected":false},"author":1,"featured_media":0,"comment_status":"","ping_status":"","sticky":false,"template":"","format":"standard","meta":{"footnotes":""},"categories":[3],"tags":[],"class_list":["post-1095","post","type-post","status-publish","format-standard","hentry","category-noticias"],"_links":{"self":[{"href":"https:\/\/hostnetart.com.br\/baixada\/wp-json\/wp\/v2\/posts\/1095","targetHints":{"allow":["GET"]}}],"collection":[{"href":"https:\/\/hostnetart.com.br\/baixada\/wp-json\/wp\/v2\/posts"}],"about":[{"href":"https:\/\/hostnetart.com.br\/baixada\/wp-json\/wp\/v2\/types\/post"}],"author":[{"embeddable":true,"href":"https:\/\/hostnetart.com.br\/baixada\/wp-json\/wp\/v2\/users\/1"}],"replies":[{"embeddable":true,"href":"https:\/\/hostnetart.com.br\/baixada\/wp-json\/wp\/v2\/comments?post=1095"}],"version-history":[{"count":0,"href":"https:\/\/hostnetart.com.br\/baixada\/wp-json\/wp\/v2\/posts\/1095\/revisions"}],"wp:attachment":[{"href":"https:\/\/hostnetart.com.br\/baixada\/wp-json\/wp\/v2\/media?parent=1095"}],"wp:term":[{"taxonomy":"category","embeddable":true,"href":"https:\/\/hostnetart.com.br\/baixada\/wp-json\/wp\/v2\/categories?post=1095"},{"taxonomy":"post_tag","embeddable":true,"href":"https:\/\/hostnetart.com.br\/baixada\/wp-json\/wp\/v2\/tags?post=1095"}],"curies":[{"name":"wp","href":"https:\/\/api.w.org\/{rel}","templated":true}]}}