{"id":10944,"date":"2021-05-14T19:55:56","date_gmt":"2021-05-14T22:55:56","guid":{"rendered":"https:\/\/hostnetart.com.br\/baixada\/fetraf-rj-es-cobra-da-febraban-o-cumprimento-das-exigencias-dos-normativos-de-saude-e-seguranca-pelos-bancos\/"},"modified":"2021-05-14T19:55:56","modified_gmt":"2021-05-14T22:55:56","slug":"fetraf-rj-es-cobra-da-febraban-o-cumprimento-das-exigencias-dos-normativos-de-saude-e-seguranca-pelos-bancos","status":"publish","type":"post","link":"https:\/\/hostnetart.com.br\/baixada\/fetraf-rj-es-cobra-da-febraban-o-cumprimento-das-exigencias-dos-normativos-de-saude-e-seguranca-pelos-bancos\/","title":{"rendered":"Fetraf RJ\/ES cobra da Febraban o cumprimento das exig\u00eancias dos normativos de sa\u00fade e seguran\u00e7a pelos bancos"},"content":{"rendered":"<p>Nesta sexta-feira, 14 de maio, a Federa\u00e7\u00e3o dos Trabalhadores do Ramo Financeiro dos Estados do Rio de Janeiro e Esp\u00edrito Santo (Fetraf RJ\/ES) enviou um of\u00edcio \u00e0\u00a0Federa\u00e7\u00e3o Brasileira de Bancos (FEBRABAN), solicitando que\u00a0suas filiadas cumpram as exig\u00eancias dos normativos sobre a Sa\u00fade e Seguran\u00e7a no Trabalho, que est\u00e3o em vigor.\u00a0O of\u00edcio \u00e9 assinado\u00a0pelo Presidente\u00a0Nilton Dami\u00e3o Esperan\u00e7a e pelo Secret\u00e1rio-Geral, Max Jos\u00e9 Neves Bezerra.<\/p>\n<p>O pedido vem ap\u00f3s a Fetraf RJ\/ES receber diversas den\u00fancias, atrav\u00e9s de seus sindicatos filiados, de que n\u00e3o estariam sendo cumpridas as normativas que tratam sobre as condi\u00e7\u00f5es de sa\u00fade nos ambientes de trabalho, principalmente nas ag\u00eancias banc\u00e1rias, que estariam funcionando sem aparelhos de ar condicionado.\u00a0<\/p>\n<p>A orienta\u00e7\u00e3o aos sindicatos filiados \u00e9 para que as ag\u00eancias n\u00e3o funcionem sob tais condi\u00e7\u00f5es, at\u00e9 que os equipamentos estejam em condi\u00e7\u00f5es t\u00e9cnicas adequadas e que n\u00e3o coloquem em risco a sa\u00fade dos trabalhadores e p\u00fablico usu\u00e1rio.<\/p>\n<p><span style=\"text-decoration: underline;\">Riscos \u00e0 sa\u00fade<\/span><\/p>\n<p>A\u00a0utiliza\u00e7\u00e3o de aparelhos de ar condicionados em locais fechados destina-se a manter os requerimentos de qualidade do ar interior do espa\u00e7o condicionado, controlando vari\u00e1veis como a temperatura, umidade, velocidade, material particulado, part\u00edculas biol\u00f3gicas e teor de di\u00f3xido de carbono (CO2).<\/p>\n<p>No Brasil a Resolu\u00e7\u00e3o RE 09 de 2003, ANVISA, estabelece os Padr\u00f5es Referenciais de Qualidade do Ar em ambientes climatizados de uso p\u00fablico ou coletivo, como \u00e9 o caso das ag\u00eancias banc\u00e1rias. A lei na 13.589\/2018 torna obrigat\u00f3rio, em locais onde a capacidade t\u00e9rmica dos aparelhos \u00e9 superar os 60.000\/Btus, a cria\u00e7\u00e3o de um Plano de Manuten\u00e7\u00e3o Opera\u00e7\u00e3o e Controle (PMOC).<\/p>\n<p>Em tempo de pandemia, como a que estamos vivendo nos dias de hoje, a utiliza\u00e7\u00e3o de aparelhos de ar condicionado dentro das normas t\u00e9cnicas dos \u00f3rg\u00e3os competentes \u00e9 ainda mais importante, j\u00e1 que uma das fun\u00e7\u00f5es do equipamento \u00e9 a diminui\u00e7\u00e3o de di\u00f3xido de carbono e de fungos patog\u00eanicos, toxig\u00eanicos e de outras subst\u00e2ncias prejudiciais \u00e0 sa\u00fade.<\/p>\n<p><strong>Fonte: Fetraf RJ\/ES<\/strong><\/p>\n<p>\u00a0<\/p>\n","protected":false},"excerpt":{"rendered":"<p>Nesta sexta-feira, 14 de maio, a Federa\u00e7\u00e3o dos Trabalhadores do Ramo Financeiro dos Estados do Rio de Janeiro e Esp\u00edrito Santo (Fetraf RJ\/ES) enviou um of\u00edcio \u00e0\u00a0Federa\u00e7\u00e3o Brasileira de Bancos (FEBRABAN), solicitando que\u00a0suas filiadas cumpram as exig\u00eancias dos normativos sobre a Sa\u00fade e Seguran\u00e7a no Trabalho, que est\u00e3o em vigor.\u00a0O of\u00edcio \u00e9 assinado\u00a0pelo Presidente\u00a0Nilton Dami\u00e3o [&hellip;]<\/p>\n","protected":false},"author":2,"featured_media":10943,"comment_status":"","ping_status":"","sticky":false,"template":"","format":"standard","meta":{"footnotes":""},"categories":[3],"tags":[],"class_list":["post-10944","post","type-post","status-publish","format-standard","has-post-thumbnail","hentry","category-noticias"],"_links":{"self":[{"href":"https:\/\/hostnetart.com.br\/baixada\/wp-json\/wp\/v2\/posts\/10944","targetHints":{"allow":["GET"]}}],"collection":[{"href":"https:\/\/hostnetart.com.br\/baixada\/wp-json\/wp\/v2\/posts"}],"about":[{"href":"https:\/\/hostnetart.com.br\/baixada\/wp-json\/wp\/v2\/types\/post"}],"author":[{"embeddable":true,"href":"https:\/\/hostnetart.com.br\/baixada\/wp-json\/wp\/v2\/users\/2"}],"replies":[{"embeddable":true,"href":"https:\/\/hostnetart.com.br\/baixada\/wp-json\/wp\/v2\/comments?post=10944"}],"version-history":[{"count":0,"href":"https:\/\/hostnetart.com.br\/baixada\/wp-json\/wp\/v2\/posts\/10944\/revisions"}],"wp:featuredmedia":[{"embeddable":true,"href":"https:\/\/hostnetart.com.br\/baixada\/wp-json\/wp\/v2\/media\/10943"}],"wp:attachment":[{"href":"https:\/\/hostnetart.com.br\/baixada\/wp-json\/wp\/v2\/media?parent=10944"}],"wp:term":[{"taxonomy":"category","embeddable":true,"href":"https:\/\/hostnetart.com.br\/baixada\/wp-json\/wp\/v2\/categories?post=10944"},{"taxonomy":"post_tag","embeddable":true,"href":"https:\/\/hostnetart.com.br\/baixada\/wp-json\/wp\/v2\/tags?post=10944"}],"curies":[{"name":"wp","href":"https:\/\/api.w.org\/{rel}","templated":true}]}}