{"id":10940,"date":"2021-05-14T19:50:56","date_gmt":"2021-05-14T22:50:56","guid":{"rendered":"https:\/\/hostnetart.com.br\/baixada\/funcionarios-do-bb-fazem-videos-e-respondem-ao-presidente-do-banco\/"},"modified":"2021-05-14T19:50:56","modified_gmt":"2021-05-14T22:50:56","slug":"funcionarios-do-bb-fazem-videos-e-respondem-ao-presidente-do-banco","status":"publish","type":"post","link":"https:\/\/hostnetart.com.br\/baixada\/funcionarios-do-bb-fazem-videos-e-respondem-ao-presidente-do-banco\/","title":{"rendered":"Funcion\u00e1rios do BB fazem v\u00eddeos e respondem ao presidente do banco"},"content":{"rendered":"<p>O presidente do Banco do Brasil, Fausto Ribeiro, veiculou um v\u00eddeo no qual festeja o resultado do banco no primeiro trimestre deste ano, quando se obteve um lucro l\u00edquido de R$ 4,9 bilh\u00f5es. Foi o resultado do trabalho dos funcion\u00e1rios e o v\u00eddeo provocou uma rea\u00e7\u00e3o da Comiss\u00e3o de Empresa dos Funcion\u00e1rios do Banco do Brasil (CEBB). Membros da comiss\u00e3o criticaram a jogada de marketing de Ribeiro em v\u00eddeos que est\u00e3o nas redes.<\/p>\n<p>\u201cA CEBB fez alguns v\u00eddeos criticando a postura do presidente do BB que fala em estar pr\u00f3ximos aos funcion\u00e1rios, mas no fundo repete a mesma pol\u00edtica da falida gest\u00e3o de pessoas. Uma pessoa que n\u00e3o entende como esta as ag\u00eancias varejo do BB e como a reestrutura\u00e7\u00e3o afetou muito a vida das pessoas nesse momento de pandemia. Um outsider da situa\u00e7\u00e3o do dia a dia do BB. Por isso, a Confedera\u00e7\u00e3o dos Trabalhadores do Ramo Financeiro (Contra-CUT) vem solicitando uma reuni\u00e3o para que se discuta de fato as condi\u00e7\u00f5es de trabalho dos funcion\u00e1rios do BB. Se ele se preocupa tanto, vamos dialogar e criar pontes\u201d, questionou o coordenador da CEBB, Jo\u00e3o Fukunaga.<\/p>\n<p>Para ver o v\u00eddeo com as observa\u00e7\u00f5es de Jo\u00e3o Fukunaga, clique\u00a0<a href=\"https:\/\/www.youtube.com\/watch?v=AAdV33N1pzo\">aqui<\/a>.<\/p>\n<p>Paras ver o v\u00eddeo da representante da Federa\u00e7\u00e3o dos Empregados em Estabelecimentos Banc\u00e1rios dos Estados de S\u00e3o Paulo e Mato Grosso do Sul (Feeb-SP\/MS), Elisa Figueiredo, clique\u00a0<a href=\"https:\/\/www.facebook.com\/contrafcut\/posts\/4578969548782711\">aqui<\/a>.<\/p>\n<p><strong>Fonte: Contraf-CUT<\/strong><\/p>\n","protected":false},"excerpt":{"rendered":"<p>O presidente do Banco do Brasil, Fausto Ribeiro, veiculou um v\u00eddeo no qual festeja o resultado do banco no primeiro trimestre deste ano, quando se obteve um lucro l\u00edquido de R$ 4,9 bilh\u00f5es. Foi o resultado do trabalho dos funcion\u00e1rios e o v\u00eddeo provocou uma rea\u00e7\u00e3o da Comiss\u00e3o de Empresa dos Funcion\u00e1rios do Banco do [&hellip;]<\/p>\n","protected":false},"author":2,"featured_media":10939,"comment_status":"","ping_status":"","sticky":false,"template":"","format":"standard","meta":{"footnotes":""},"categories":[3],"tags":[],"class_list":["post-10940","post","type-post","status-publish","format-standard","has-post-thumbnail","hentry","category-noticias"],"_links":{"self":[{"href":"https:\/\/hostnetart.com.br\/baixada\/wp-json\/wp\/v2\/posts\/10940","targetHints":{"allow":["GET"]}}],"collection":[{"href":"https:\/\/hostnetart.com.br\/baixada\/wp-json\/wp\/v2\/posts"}],"about":[{"href":"https:\/\/hostnetart.com.br\/baixada\/wp-json\/wp\/v2\/types\/post"}],"author":[{"embeddable":true,"href":"https:\/\/hostnetart.com.br\/baixada\/wp-json\/wp\/v2\/users\/2"}],"replies":[{"embeddable":true,"href":"https:\/\/hostnetart.com.br\/baixada\/wp-json\/wp\/v2\/comments?post=10940"}],"version-history":[{"count":0,"href":"https:\/\/hostnetart.com.br\/baixada\/wp-json\/wp\/v2\/posts\/10940\/revisions"}],"wp:featuredmedia":[{"embeddable":true,"href":"https:\/\/hostnetart.com.br\/baixada\/wp-json\/wp\/v2\/media\/10939"}],"wp:attachment":[{"href":"https:\/\/hostnetart.com.br\/baixada\/wp-json\/wp\/v2\/media?parent=10940"}],"wp:term":[{"taxonomy":"category","embeddable":true,"href":"https:\/\/hostnetart.com.br\/baixada\/wp-json\/wp\/v2\/categories?post=10940"},{"taxonomy":"post_tag","embeddable":true,"href":"https:\/\/hostnetart.com.br\/baixada\/wp-json\/wp\/v2\/tags?post=10940"}],"curies":[{"name":"wp","href":"https:\/\/api.w.org\/{rel}","templated":true}]}}