{"id":10938,"date":"2021-05-14T03:15:12","date_gmt":"2021-05-14T06:15:12","guid":{"rendered":"https:\/\/hostnetart.com.br\/baixada\/mulheres-do-ramo-financeiro-fazem-encontro-nacional\/"},"modified":"2021-05-14T03:15:12","modified_gmt":"2021-05-14T06:15:12","slug":"mulheres-do-ramo-financeiro-fazem-encontro-nacional","status":"publish","type":"post","link":"https:\/\/hostnetart.com.br\/baixada\/mulheres-do-ramo-financeiro-fazem-encontro-nacional\/","title":{"rendered":"Mulheres do ramo financeiro fazem Encontro Nacional"},"content":{"rendered":"<p>Foi realizado nesta quinta-feira (13) o Encontro Nacional das Mulheres Trabalhadoras do Ramo Financeiro, organizado pela Confedera\u00e7\u00e3o Nacional dos Trabalhadores do Ramo Financeiro (Contraf-CUT). Participaram do encontro cerca de 150 mulheres. O evento foi preparat\u00f3rio para o Encontro Nacional de Mulheres da Central \u00danica dos Trabalhadores (CUT), a ser realizado no segundo semestre.<\/p>\n<p>A secret\u00e1ria da Mulher da Contraf-CUT, Elaine Cutis, abriu o encontro se solidarizando com todas as mulheres presentes \u00e0 reuni\u00e3o que tinham perdido parentes e amigos vitimados pela Covid-19. \u201cPrecisamos organizar as mulheres em um momento dram\u00e1tico provocado pela pandemia e tamb\u00e9m pelos retrocessos causados por esse governo. Temos um hist\u00f3rico de luta, fomos a primeira categoria que colocou uma cl\u00e1usula na Conven\u00e7\u00e3o Coletiva de Trabalho sobre a quest\u00e3o de igualdade de oportunidades, t\u00e3o cara a n\u00f3s mulheres\u201d, afirmou a secret\u00e1ria.<\/p>\n<p><strong>Desmonte do estado<\/strong><\/p>\n<p>A presidenta da Contraf-CUT, Juvandia Moreira, saudou as mulheres presentes ao encontro. \u201cEstamos com lideran\u00e7as que pensam e atuam em seus sindicatos e t\u00eam um papel grande na mobiliza\u00e7\u00e3o para transformar a sociedade e acabar com a triste situa\u00e7\u00e3o que vivemos, expressa na figura do Bolsonaro. Esse governo promove o desmonte do estado. Sabemos que tem um grupo por tr\u00e1s do Bolsonaro. O mercado financeiro tem interesse no desmonte do estado, na entrega das empresas p\u00fablicas. Mas a pandemia mostra o quanto estado \u00e9 importante. Foi um tapa na cara dos que defendem o estado m\u00ednimo. A pandemia mostra o quanto esse modelo de capitalismo financeiro deu erado\u201d, analisou a presidenta da Contraf-CUT.<\/p>\n<p>No primeiro painel do encontro, realizado pela manh\u00e3, participaram a economista Marilane Oliveira Teixeira, diretora do Instituo de Economia da Unicamp; Ana Maria Cruz, escritora e ativista negra, e Vivian Machado, economista e t\u00e9cnica do Departamento Intersindical de Estat\u00edsticas e Estudos Socioecon\u00f4micos (Dieese) da Subse\u00e7\u00e3o da Contraf-CUT. Elas debateram sobre as desigualdades socioecon\u00f4micas que atingem as mulheres na atual conjuntura.<\/p>\n<p><strong>Feminismo<\/strong><\/p>\n<p>O segundo painel na parte da manh\u00e3 teve a participa\u00e7\u00e3o na professora Valeska Zanello, do Departamento de Psicologia Cl\u00ednica da Universidade de Bras\u00edlia (UnB). A professor falou sobre o movimento feminista e a quest\u00e3o da masculinidade t\u00f3xica.<\/p>\n<p>Na parte da tarde, o painel 3 contou com a participa\u00e7\u00e3o da advogada\u00a0<strong>Luanda Pires, do Grupo de Advogados Pela Diversidade Sexual e de G\u00eanero, e da advogada e feminista Phamela Godoy, c<\/strong>oordenadora do\u00a0<em>projeto \u2018<\/em>Basta! N\u00e3o ir\u00e3o nos calar\u2019. Elas debateram sobre a viol\u00eancia contra a mulher, feminismo, combate \u00e0 fome e teletrabalho.<\/p>\n<p>O \u00faltimo painel do encontro reuniu<strong>\u00a0<\/strong>Neiva Santos, secret\u00e1ria geral do Sindicato dos Banc\u00e1rios de S\u00e3o Paulo, Osasco e Regi\u00e3o, e Marta Soares, secret\u00e1ria de Imprensa mesma entidade. O debate foi sobre a comunica\u00e7\u00e3o na era digital como instrumento de resist\u00eancia \u00e0s desigualdades.<\/p>\n<p><strong>Avalia\u00e7\u00e3o<\/strong><\/p>\n<p>\u201cFoi um encontro muito importante, com riqu\u00edssimos debates. Com certeza, abriu grandes reflex\u00f5es para a\u00e7\u00f5es de luta da categoria banc\u00e1ria para o pr\u00f3ximo per\u00edodo\u201d, avaliou a secret\u00e1ria Elaine Cutis.<\/p>\n<p><span style=\"text-decoration: underline;\">Fonte: Contraf-CUT<\/span><\/p>\n","protected":false},"excerpt":{"rendered":"<p>Foi realizado nesta quinta-feira (13) o Encontro Nacional das Mulheres Trabalhadoras do Ramo Financeiro, organizado pela Confedera\u00e7\u00e3o Nacional dos Trabalhadores do Ramo Financeiro (Contraf-CUT). Participaram do encontro cerca de 150 mulheres. O evento foi preparat\u00f3rio para o Encontro Nacional de Mulheres da Central \u00danica dos Trabalhadores (CUT), a ser realizado no segundo semestre. A secret\u00e1ria [&hellip;]<\/p>\n","protected":false},"author":2,"featured_media":10937,"comment_status":"","ping_status":"","sticky":false,"template":"","format":"standard","meta":{"footnotes":""},"categories":[3],"tags":[],"class_list":["post-10938","post","type-post","status-publish","format-standard","has-post-thumbnail","hentry","category-noticias"],"_links":{"self":[{"href":"https:\/\/hostnetart.com.br\/baixada\/wp-json\/wp\/v2\/posts\/10938","targetHints":{"allow":["GET"]}}],"collection":[{"href":"https:\/\/hostnetart.com.br\/baixada\/wp-json\/wp\/v2\/posts"}],"about":[{"href":"https:\/\/hostnetart.com.br\/baixada\/wp-json\/wp\/v2\/types\/post"}],"author":[{"embeddable":true,"href":"https:\/\/hostnetart.com.br\/baixada\/wp-json\/wp\/v2\/users\/2"}],"replies":[{"embeddable":true,"href":"https:\/\/hostnetart.com.br\/baixada\/wp-json\/wp\/v2\/comments?post=10938"}],"version-history":[{"count":0,"href":"https:\/\/hostnetart.com.br\/baixada\/wp-json\/wp\/v2\/posts\/10938\/revisions"}],"wp:featuredmedia":[{"embeddable":true,"href":"https:\/\/hostnetart.com.br\/baixada\/wp-json\/wp\/v2\/media\/10937"}],"wp:attachment":[{"href":"https:\/\/hostnetart.com.br\/baixada\/wp-json\/wp\/v2\/media?parent=10938"}],"wp:term":[{"taxonomy":"category","embeddable":true,"href":"https:\/\/hostnetart.com.br\/baixada\/wp-json\/wp\/v2\/categories?post=10938"},{"taxonomy":"post_tag","embeddable":true,"href":"https:\/\/hostnetart.com.br\/baixada\/wp-json\/wp\/v2\/tags?post=10938"}],"curies":[{"name":"wp","href":"https:\/\/api.w.org\/{rel}","templated":true}]}}