{"id":10936,"date":"2021-05-13T16:56:33","date_gmt":"2021-05-13T19:56:33","guid":{"rendered":"https:\/\/hostnetart.com.br\/baixada\/para-secretario-de-combate-ao-racismo-13-de-maio-e-para-reflexao\/"},"modified":"2021-05-13T16:56:33","modified_gmt":"2021-05-13T19:56:33","slug":"para-secretario-de-combate-ao-racismo-13-de-maio-e-para-reflexao","status":"publish","type":"post","link":"https:\/\/hostnetart.com.br\/baixada\/para-secretario-de-combate-ao-racismo-13-de-maio-e-para-reflexao\/","title":{"rendered":"Para secret\u00e1rio de Combate ao Racismo, 13 de maio \u00e9 para reflex\u00e3o"},"content":{"rendered":"<p>Por muito tempo, no Brasil, o 13 de maio foi a data em que se lembrava o fim da escravid\u00e3o. Para muitos, a liberta\u00e7\u00e3o dos escravos n\u00e3o podia ser encarada como se fosse uma simples canetada da princesa Isabel. Nas \u00faltimas d\u00e9cadas, com o crescimento do movimento negro no Brasil, o 20 de novembro passou a ser a data que melhor marcava a luta dos negros.<\/p>\n<p>Para o secret\u00e1rio de Combate ao Racismo da Confedera\u00e7\u00e3o Nacional dos Trabalhadores do Ramo Financeiro (Contraf-CUT), Almir Aguar, o 13 de Maio \u00e9 uma data para se refletir. \u201cA import\u00e2ncia do 13 de Maio, a chamada aboli\u00e7\u00e3o da escravatura que completa 133 anos, n\u00e3o \u00e9 exatamente a comemora\u00e7\u00e3o de uma data hist\u00f3rica secular, mas uma oportunidade de reflex\u00e3o para toda a sociedade. O Brasil da l\u00f3gica escravocrata de uma burguesia racista, mesquinha e perversa, levou o nosso pa\u00eds \u00e0 atual situa\u00e7\u00e3o, o fundo do po\u00e7o. Enquanto houver racismo no Brasil n\u00e3o haver\u00e1 democracia. Que este 13 de Maio seja o fortalecimento da resist\u00eancia, da virada, da esperan\u00e7a e do recome\u00e7o. S\u00f3 depende de n\u00f3s\u201d, afirmou.<\/p>\n<h3><strong>Jacarezinho<\/strong><\/h3>\n<p>Para Almir, n\u00e3o h\u00e1 como ignorar a chacina ocorrida na semana passada na favela do Jacarezinho, no Rio de Janeiro, como exemplo escancarado da viol\u00eancia que atinge os negros da forma mais viol\u00eancia nas chacinas praticadas por for\u00e7as policiais nas grandes cidades brasileiras. \u201cA chacina na favela do Jacarezinho, que deixou 28 mortos, sendo um policial, s\u00f3 confirma que neste caso mudou o governador, com o impeachment de Wilson Witzel, mas a pol\u00edtica genocida bolsonarista segue firme com Cl\u00e1udio Castro (PSL)\u201d, analisou.<\/p>\n<p>\u201cOpera\u00e7\u00f5es que perfuram resid\u00eancias e apavoram moradores, matam jovens e crian\u00e7as, jamais ocorreriam em condom\u00ednios da Barra da Tijuca ou da Zona Sul, \u00e1reas nobres, e isto n\u00e3o pode ser tratado com normalidade e frieza. Que este 13 de Maio possa ser o da esperan\u00e7a. Que no Brasil possamos reacender a chama da rebeli\u00e3o pac\u00edfica. Nos EUA, tivemos uma recente experi\u00eancia que sim, nos serve de li\u00e7\u00e3o, onde as comunidades negras foram \u00e0s ruas e \u00e0s urnas e, unidas com a sociedade que se indigna com toda a forma de preconceito e discrimina\u00e7\u00e3o, viraram o jogo, derrotando o governo negacionista e racista de Donald Trump. Que em nosso pa\u00eds o mesmo possa acontecer desde j\u00e1, reencontrando o caminho da democracia\u201d, frisou.<\/p>\n<p>Almir Aguiar entende que n\u00e3o h\u00e1 como esconder para \u201cdebaixo do tapete\u201d a triste realidade de exclus\u00e3o, discrimina\u00e7\u00e3o e d\u00edvida social que o Brasil tem com os afrodescendentes e a heran\u00e7a maldita do racismo vivo e do retrocesso pol\u00edtico sem precedentes que tivemos, especialmente nos \u00faltimos tr\u00eas anos. O secret\u00e1rio de Combate ao Racismo da Contraf-CUT destaca que a chaga social brasileira tem os negros como maiores v\u00edtimas e d\u00e1 um exemplo atual. \u201cSe a pandemia afeta a todos no Brasil de hoje, morrem, v\u00edtimas da Covid-19, 40% mais negros do que brancos\u201d, ressaltou o secret\u00e1rio de Combate ao Racismo da Contraf-CUT.<\/p>\n<h3><strong>Desigualdade tem cor<\/strong><\/h3>\n<p>A desigualdade no Brasil tem cor. Segundo os dados do IBGE, os negros representam 56,1% da popula\u00e7\u00e3o brasileira, 54,9% da for\u00e7a de trabalho e 64,2% dos desocupados no pa\u00eds. A informalidade tamb\u00e9m atinge mais esse contingente. Enquanto 34,6% de pessoas brancas se encontram em condi\u00e7\u00f5es informais de trabalho, a informalidade atinge 47,3% de pretos e pardos. \u201cEsta realidade social fundamentada no racismo hist\u00f3rico \u00e9 agravada pelo retrocesso sem precedentes praticado pelo atual governo. No setor banc\u00e1rio, infelizmente, ainda temos desigualdades. O rendimento m\u00e9dio de uma banc\u00e1ria negra \u00e9 apenas 68,2% do que recebe um banc\u00e1rio branco\u201d, lamentou o secret\u00e1rio de Combate ao Racismo.<\/p>\n<h3><strong>Capit\u00e3o do mato<\/strong><\/h3>\n<p>Almir Aguiar tamb\u00e9m ressalta o que considera outro retrocesso que atinge diretamente os afrodescendentes: a nomea\u00e7\u00e3o de Sergio Camargo para a presid\u00eancia da Funda\u00e7\u00e3o Cultural Palmares. \u201cO governo Bolsonaro transforma a Funda\u00e7\u00e3o Cultural Palmares num instrumento das oligarquias racistas, mesmo tendo um negro \u00e0 frente da institui\u00e7\u00e3o, mas que, infelizmente, como bolsonarista, age como um \u2018capit\u00e3o do mato\u2019 a servi\u00e7o da \u2018casa grande\u2019 contra seus irm\u00e3os de ra\u00e7a. Ele pr\u00f3prio n\u00e3o se reconhece como negro, mas como um escravizado aculturado que incorpora a vis\u00e3o etnoc\u00eantrica branca e anglo-sax\u00e3 dominante, negando a realidade do oprimido e reafirmando a vers\u00e3o do opressor\u201d, avaliou o secret\u00e1rio de Combate ao Racismo da Contraf-CUT.<\/p>\n<p><strong>Fonte: Contraf-CUT<\/strong><\/p>\n","protected":false},"excerpt":{"rendered":"<p>Por muito tempo, no Brasil, o 13 de maio foi a data em que se lembrava o fim da escravid\u00e3o. Para muitos, a liberta\u00e7\u00e3o dos escravos n\u00e3o podia ser encarada como se fosse uma simples canetada da princesa Isabel. Nas \u00faltimas d\u00e9cadas, com o crescimento do movimento negro no Brasil, o 20 de novembro passou [&hellip;]<\/p>\n","protected":false},"author":2,"featured_media":10935,"comment_status":"","ping_status":"","sticky":false,"template":"","format":"standard","meta":{"footnotes":""},"categories":[3],"tags":[],"class_list":["post-10936","post","type-post","status-publish","format-standard","has-post-thumbnail","hentry","category-noticias"],"_links":{"self":[{"href":"https:\/\/hostnetart.com.br\/baixada\/wp-json\/wp\/v2\/posts\/10936","targetHints":{"allow":["GET"]}}],"collection":[{"href":"https:\/\/hostnetart.com.br\/baixada\/wp-json\/wp\/v2\/posts"}],"about":[{"href":"https:\/\/hostnetart.com.br\/baixada\/wp-json\/wp\/v2\/types\/post"}],"author":[{"embeddable":true,"href":"https:\/\/hostnetart.com.br\/baixada\/wp-json\/wp\/v2\/users\/2"}],"replies":[{"embeddable":true,"href":"https:\/\/hostnetart.com.br\/baixada\/wp-json\/wp\/v2\/comments?post=10936"}],"version-history":[{"count":0,"href":"https:\/\/hostnetart.com.br\/baixada\/wp-json\/wp\/v2\/posts\/10936\/revisions"}],"wp:featuredmedia":[{"embeddable":true,"href":"https:\/\/hostnetart.com.br\/baixada\/wp-json\/wp\/v2\/media\/10935"}],"wp:attachment":[{"href":"https:\/\/hostnetart.com.br\/baixada\/wp-json\/wp\/v2\/media?parent=10936"}],"wp:term":[{"taxonomy":"category","embeddable":true,"href":"https:\/\/hostnetart.com.br\/baixada\/wp-json\/wp\/v2\/categories?post=10936"},{"taxonomy":"post_tag","embeddable":true,"href":"https:\/\/hostnetart.com.br\/baixada\/wp-json\/wp\/v2\/tags?post=10936"}],"curies":[{"name":"wp","href":"https:\/\/api.w.org\/{rel}","templated":true}]}}