{"id":10934,"date":"2021-05-13T16:52:14","date_gmt":"2021-05-13T19:52:14","guid":{"rendered":"https:\/\/hostnetart.com.br\/baixada\/audiencia-discute-a-politica-de-privatizacao-e-os-impactos-nos-servicos-da-caixa\/"},"modified":"2021-05-13T16:52:14","modified_gmt":"2021-05-13T19:52:14","slug":"audiencia-discute-a-politica-de-privatizacao-e-os-impactos-nos-servicos-da-caixa","status":"publish","type":"post","link":"https:\/\/hostnetart.com.br\/baixada\/audiencia-discute-a-politica-de-privatizacao-e-os-impactos-nos-servicos-da-caixa\/","title":{"rendered":"Audi\u00eancia discute a pol\u00edtica de privatiza\u00e7\u00e3o e os impactos nos servi\u00e7os da Caixa"},"content":{"rendered":"<p>A pol\u00edtica de privatiza\u00e7\u00e3o e os impactos que ela pode causar na presta\u00e7\u00e3o dos servi\u00e7os e benef\u00edcios sociais estar\u00e1 em pauta nesta quinta-feira (13), a partir das 10h, em audi\u00eancia p\u00fablica da Comiss\u00e3o dos Direitos da Pessoa Idosa da C\u00e2mara dos Deputados.<\/p>\n<p>Para o presidente da Federa\u00e7\u00e3o Nacional das Associa\u00e7\u00f5es do Pessoal da Caixa Econ\u00f4mica Federal (Fenae), Sergio Takemoto, que vai participar da audi\u00eancia proposta pelo deputado Alexandre Padilha (PT\/SP), se a privatiza\u00e7\u00e3o da Caixa acontecer, os servi\u00e7os p\u00fablicos e o pagamento de benef\u00edcios sociais estar\u00e3o comprometidos.<\/p>\n<p>Takemoto lembrou que a estrat\u00e9gia do Governo Federal e da presid\u00eancia da Caixa \u00e9 dividir o banco em v\u00e1rias partes, uma delas \u00e9 o chamado banco digital, que nada mais \u00e9 do que um outro banco, com outro CNPJ, que ser\u00e1 privatizado em seguida.<\/p>\n<p>\u201cO mais grave \u00e9 que todos os benef\u00edcios sociais do banco ser\u00e3o repassados para esta nova institui\u00e7\u00e3o. Qual ser\u00e1 o futuro dos programas e benef\u00edcios sociais se estiverem nas m\u00e3os do mercado privado, que s\u00f3 visa o lucro? As pol\u00edticas p\u00fablicas que atendem a popula\u00e7\u00e3o mais carente do pa\u00eds ser\u00e3o garantidas?\u201d, questionou.<\/p>\n<p>A audi\u00eancia tamb\u00e9m vai discutir a situa\u00e7\u00e3o dos aprovados no concurso de 2014. \u201cConseguimos uma grande vit\u00f3ria na Justi\u00e7a, que manteve todas as contrata\u00e7\u00f5es de 2016 por meio de a\u00e7\u00f5es coletivas ajuizadas pelo Minist\u00e9rio P\u00fablico do Trabalho. Mas a nossa luta por mais contrata\u00e7\u00f5es continua. A Caixa tem uma defasagem muito grande de empregados e precisamos de mais convoca\u00e7\u00f5es para melhorar nossas condi\u00e7\u00f5es de trabalho e para oferecer atendimento mais digno \u00e0 popula\u00e7\u00e3o\u201d, disse a coordenadora da Comiss\u00e3o Executiva de Empregados (CEE) da Caixa, Fabiana Uehara Proscholdt, que tamb\u00e9m \u00e9 secret\u00e1ria de Cultura da Confedera\u00e7\u00e3o Nacional dos Trabalhadores do Ramo Financeiro, e tamb\u00e9m participar\u00e1 da audi\u00eancia.<\/p>\n<p>\u00c9 poss\u00edvel\u00a0<a href=\"https:\/\/www.youtube.com\/watch?v=LlsuRAn5hAQ\" target=\"_blank\" rel=\"noopener noreferrer\">acompanhar a audi\u00eancia pelo portal e-Democracia<\/a>, inclusive enviando perguntas, cr\u00edticas e sugest\u00f5es aos convidados.<\/p>\n<p><strong>Fonte: Contraf-CUT<\/strong><\/p>\n","protected":false},"excerpt":{"rendered":"<p>A pol\u00edtica de privatiza\u00e7\u00e3o e os impactos que ela pode causar na presta\u00e7\u00e3o dos servi\u00e7os e benef\u00edcios sociais estar\u00e1 em pauta nesta quinta-feira (13), a partir das 10h, em audi\u00eancia p\u00fablica da Comiss\u00e3o dos Direitos da Pessoa Idosa da C\u00e2mara dos Deputados. Para o presidente da Federa\u00e7\u00e3o Nacional das Associa\u00e7\u00f5es do Pessoal da Caixa Econ\u00f4mica [&hellip;]<\/p>\n","protected":false},"author":2,"featured_media":10933,"comment_status":"","ping_status":"","sticky":false,"template":"","format":"standard","meta":{"footnotes":""},"categories":[3],"tags":[],"class_list":["post-10934","post","type-post","status-publish","format-standard","has-post-thumbnail","hentry","category-noticias"],"_links":{"self":[{"href":"https:\/\/hostnetart.com.br\/baixada\/wp-json\/wp\/v2\/posts\/10934","targetHints":{"allow":["GET"]}}],"collection":[{"href":"https:\/\/hostnetart.com.br\/baixada\/wp-json\/wp\/v2\/posts"}],"about":[{"href":"https:\/\/hostnetart.com.br\/baixada\/wp-json\/wp\/v2\/types\/post"}],"author":[{"embeddable":true,"href":"https:\/\/hostnetart.com.br\/baixada\/wp-json\/wp\/v2\/users\/2"}],"replies":[{"embeddable":true,"href":"https:\/\/hostnetart.com.br\/baixada\/wp-json\/wp\/v2\/comments?post=10934"}],"version-history":[{"count":0,"href":"https:\/\/hostnetart.com.br\/baixada\/wp-json\/wp\/v2\/posts\/10934\/revisions"}],"wp:featuredmedia":[{"embeddable":true,"href":"https:\/\/hostnetart.com.br\/baixada\/wp-json\/wp\/v2\/media\/10933"}],"wp:attachment":[{"href":"https:\/\/hostnetart.com.br\/baixada\/wp-json\/wp\/v2\/media?parent=10934"}],"wp:term":[{"taxonomy":"category","embeddable":true,"href":"https:\/\/hostnetart.com.br\/baixada\/wp-json\/wp\/v2\/categories?post=10934"},{"taxonomy":"post_tag","embeddable":true,"href":"https:\/\/hostnetart.com.br\/baixada\/wp-json\/wp\/v2\/tags?post=10934"}],"curies":[{"name":"wp","href":"https:\/\/api.w.org\/{rel}","templated":true}]}}