{"id":10930,"date":"2021-05-12T15:44:46","date_gmt":"2021-05-12T18:44:46","guid":{"rendered":"https:\/\/hostnetart.com.br\/baixada\/reforma-administrativa-inverte-a-logica-da-constituicao-alerta-dieese\/"},"modified":"2021-05-12T15:44:46","modified_gmt":"2021-05-12T18:44:46","slug":"reforma-administrativa-inverte-a-logica-da-constituicao-alerta-dieese","status":"publish","type":"post","link":"https:\/\/hostnetart.com.br\/baixada\/reforma-administrativa-inverte-a-logica-da-constituicao-alerta-dieese\/","title":{"rendered":"Reforma administrativa inverte a l\u00f3gica da Constitui\u00e7\u00e3o, alerta Dieese"},"content":{"rendered":"<p>O ministro da Economia Paulo Guedes classificou como \u201cbastante moderada\u201d a proposta de reforma administrativa, em audi\u00eancia p\u00fablica, hoje (11), na Comiss\u00e3o de Constitui\u00e7\u00e3o e Justi\u00e7a (CCJ) da C\u00e2mara dos Deputados. Para o diretor t\u00e9cnico do Dieese, Fausto Augusto Junior, a fala do ministro \u00e9 \u201cbastante surpreendente\u201d. Para ele, a Proposta de Emenda \u00e0 Constitui\u00e7\u00e3o (PEC) 32\/20 \u00e9 \u201cbastante radical\u201d, modificando completamente a atual concep\u00e7\u00e3o de Estado.<\/p>\n<p>De acordo com ele, a proposta pretende transformar o Estado brasileiro num \u201c\u00f3rg\u00e3o subsidi\u00e1rio\u201d \u00e0 iniciativa privada. Principalmente busca vedar ou restringir a a participa\u00e7\u00e3o p\u00fablica na presta\u00e7\u00e3o de\u00a0<a href=\"https:\/\/www.redebrasilatual.com.br\/trabalho\/2020\/01\/reforma-administrativa-desmonte-atendimento\/\">servi\u00e7os sociais<\/a>, como sa\u00fade e educa\u00e7\u00e3o. Para Fausto, o que o governo Bolsonaro prop\u00f5e \u00e9 \u201cmenos que o Estado m\u00ednimo\u201d.<\/p>\n<p>\u201cDe alguma forma, inverte a l\u00f3gica da Constitui\u00e7\u00e3o de 1988, em que cabe ao Estado garantir os direitos sociais, tendo a iniciativa privada um papel complementar. Essa PEC faz o inverso. Coloca a\u00a0<a href=\"https:\/\/www.redebrasilatual.com.br\/economia\/2020\/09\/estado-e-mercado-fracos-no-horizonte-da-reforma-administrativa\/\">iniciativa privada<\/a>\u00a0como a respons\u00e1vel pelos servi\u00e7os, cabendo ao estado um papel complementar\u201d, afirmou, em entrevista a Glauco Faria no\u00a0<em><a href=\"https:\/\/www.youtube.com\/watch?v=md95jpvQ16Q\">Jornal Brasil Atual<\/a><\/em>\u00a0desta quarta-feira (12).<\/p>\n<h2><span style=\"text-decoration: underline;\">Reforma administrativa e fim da estabilidade<\/span><\/h2>\n<p>O principal risco embutido \u00e9 o fim da estabilidade do servidor p\u00fablico. Impede at\u00e9 mesmo que a estabilidade apare\u00e7a como cl\u00e1usula nas negocia\u00e7\u00f5es coletivas dos trabalhadores do setor p\u00fablico. Al\u00e9m disso, a proposta introduz contratos tempor\u00e1rios para o funcionalismo p\u00fablico.<\/p>\n<p>\u201cPoder\u00edamos, assim como outros governos, estar abrindo concursos p\u00fablicos, colocando gente para dentro, para aparelharmos o Estado e termos bastante militantes trabalhando para n\u00f3s no futuro\u201d, disse Guedes, revelando preconceito e ignor\u00e2ncia sobre o tema. \u00c9 justamente concurso p\u00fablico e a estabilidade que blindam o servidor de qualquer influ\u00eancia pol\u00edtica.<\/p>\n<p>Em aparente contradi\u00e7\u00e3o, o texto amplia as atribui\u00e7\u00f5es dos chefes do poder Executivo, nas tr\u00eas esferas \u2013 federal, estadual e municipal. Al\u00e9m de demitir servidores a qualquer momento, prefeitos, governadores e o presidente da Rep\u00fablica poder\u00e3o criar e extinguir institui\u00e7\u00f5es estatais sem precisar contar com a aprova\u00e7\u00e3o do Legislativo. \u201cDe uma hora para outra, o presidente pode resolver acabar com a Funai (Funda\u00e7\u00e3o Nacional do \u00cdndio), por exemplo. \u00c9 um absurdo do ponto de vista da compreens\u00e3o da divis\u00e3o de poderes.\u201d<\/p>\n<h3>Supostos privil\u00e9gios<\/h3>\n<p>Segundo Fausto, os defensores da proposta utilizam como pretexto o argumento de que os servidores p\u00fablicos t\u00eam\u00a0<a href=\"https:\/\/www.redebrasilatual.com.br\/economia\/2020\/08\/reforma-administrativa-falsos-argumentos\/\">muitos \u201cprivil\u00e9gios\u201d<\/a>. \u201cVeja um servidor na Noruega, na Su\u00e9cia. Ele anda de metr\u00f4, \u00e0s vezes de bicicleta. Ele n\u00e3o tem 20 autom\u00f3veis, mais 50 servidores, mais 30 assessores\u201d, disse Guedes na CCJ. No entanto, o diretor t\u00e9cnico do Dieese afirma que n\u00e3o est\u00e3o inclu\u00eddas na reforma as carreiras de estado que recebem os maiores sal\u00e1rios e benef\u00edcios.<\/p>\n<p>\u201cQuem vai perder estabilidade n\u00e3o \u00e9 o juiz, o fiscal que cuida da arrecada\u00e7\u00e3o ou os procuradores. Quem vai perder s\u00e3o os professores, enfermeiros, m\u00e9dicos e assistentes sociais. Claramente \u00e9 um projeto que destina colocar os direitos sociais na m\u00e3o da iniciativa privada\u201d, declarou Fausto. O maior absurdo, segundo ele, \u00e9 que esta proposta esteja sendo discutida em meio \u00e0 pandemia. A \u201cmaior cat\u00e1strofe sanit\u00e1ria\u201d da hist\u00f3ria brasileira seria ainda mais grave se n\u00e3o houvesse o SUS, um \u201cmodelo\u201d de articula\u00e7\u00e3o entre diferentes entes e esferas do sistema p\u00fablico.<\/p>\n<p><strong>Fonte: Rede Brasil Atual<\/strong><\/p>\n","protected":false},"excerpt":{"rendered":"<p>O ministro da Economia Paulo Guedes classificou como \u201cbastante moderada\u201d a proposta de reforma administrativa, em audi\u00eancia p\u00fablica, hoje (11), na Comiss\u00e3o de Constitui\u00e7\u00e3o e Justi\u00e7a (CCJ) da C\u00e2mara dos Deputados. Para o diretor t\u00e9cnico do Dieese, Fausto Augusto Junior, a fala do ministro \u00e9 \u201cbastante surpreendente\u201d. Para ele, a Proposta de Emenda \u00e0 Constitui\u00e7\u00e3o [&hellip;]<\/p>\n","protected":false},"author":2,"featured_media":10929,"comment_status":"","ping_status":"","sticky":false,"template":"","format":"standard","meta":{"footnotes":""},"categories":[3],"tags":[],"class_list":["post-10930","post","type-post","status-publish","format-standard","has-post-thumbnail","hentry","category-noticias"],"_links":{"self":[{"href":"https:\/\/hostnetart.com.br\/baixada\/wp-json\/wp\/v2\/posts\/10930","targetHints":{"allow":["GET"]}}],"collection":[{"href":"https:\/\/hostnetart.com.br\/baixada\/wp-json\/wp\/v2\/posts"}],"about":[{"href":"https:\/\/hostnetart.com.br\/baixada\/wp-json\/wp\/v2\/types\/post"}],"author":[{"embeddable":true,"href":"https:\/\/hostnetart.com.br\/baixada\/wp-json\/wp\/v2\/users\/2"}],"replies":[{"embeddable":true,"href":"https:\/\/hostnetart.com.br\/baixada\/wp-json\/wp\/v2\/comments?post=10930"}],"version-history":[{"count":0,"href":"https:\/\/hostnetart.com.br\/baixada\/wp-json\/wp\/v2\/posts\/10930\/revisions"}],"wp:featuredmedia":[{"embeddable":true,"href":"https:\/\/hostnetart.com.br\/baixada\/wp-json\/wp\/v2\/media\/10929"}],"wp:attachment":[{"href":"https:\/\/hostnetart.com.br\/baixada\/wp-json\/wp\/v2\/media?parent=10930"}],"wp:term":[{"taxonomy":"category","embeddable":true,"href":"https:\/\/hostnetart.com.br\/baixada\/wp-json\/wp\/v2\/categories?post=10930"},{"taxonomy":"post_tag","embeddable":true,"href":"https:\/\/hostnetart.com.br\/baixada\/wp-json\/wp\/v2\/tags?post=10930"}],"curies":[{"name":"wp","href":"https:\/\/api.w.org\/{rel}","templated":true}]}}