{"id":10928,"date":"2021-05-12T14:06:17","date_gmt":"2021-05-12T17:06:17","guid":{"rendered":"https:\/\/hostnetart.com.br\/baixada\/bancaria-do-bradesco-e-reintegrada-pelo-sindicato-dos-bancarios-da-baixada-fluminense-2\/"},"modified":"2021-05-12T14:06:17","modified_gmt":"2021-05-12T17:06:17","slug":"bancaria-do-bradesco-e-reintegrada-pelo-sindicato-dos-bancarios-da-baixada-fluminense-2","status":"publish","type":"post","link":"https:\/\/hostnetart.com.br\/baixada\/bancaria-do-bradesco-e-reintegrada-pelo-sindicato-dos-bancarios-da-baixada-fluminense-2\/","title":{"rendered":"Banc\u00e1ria do Bradesco \u00e9 reintegrada pelo Sindicato dos Banc\u00e1rios da Baixada Fluminense"},"content":{"rendered":"<p>\u00a0<\/p>\n<p>O\u00a0Sindicato dos Banc\u00e1rios da Baixada Fluminense reintegrou mais uma banc\u00e1ria do Banco Bradesco.<\/p>\n<p>A reintegra\u00e7\u00e3o ocorreu nesta quarta-feira, 12 de maio, na ag\u00eancia de Japeri.\u00a0<\/p>\n<div>\n<p>Pamella Ramos foi demitida em plena pandemia do novo coronav\u00edrus. Mas, atrav\u00e9s do excelente trabalho que os\u00a0Departamentos Jur\u00eddico e de Sa\u00fade do Sindicato vem realizando, a banc\u00e1ria foi reintegrada \u00e0s suas fun\u00e7\u00f5es.<\/p>\n<p>A decis\u00e3o foi da\u00a01a Vara do Trabalho de\u00a0Queimados.<\/p>\n<p><span style=\"text-decoration: underline;\">ENTENDA O CASO<\/span><\/p>\n<\/div>\n<div>Os bancos vem contrariando um compromisso firmado com a categoria banc\u00e1ria de n\u00e3o demitir durante a pandemia, e est\u00e3o demitindo, mesmo com lucros estratosf\u00e9ricos obtidos nos primeiros meses de 2021.<\/div>\n<div>\u00a0<\/div>\n<div>Ap\u00f3s sua demiss\u00e3o,\u00a0Pamella buscou atentimento no Sindicato dos Banc\u00e1rios da Baixada Fluminense, e foi atendida pelo Departamento Jur\u00eddico. O contato imediato com o Sindicato foi fundamental para que a reintegra\u00e7\u00e3o fosse obtida com sucesso e rapidamente.\u00a0\u00a0<\/div>\n<div>\u00a0<\/div>\n<div><span style=\"text-decoration: underline;\">IMPORTANTE<\/span><\/div>\n<div>\u00a0<\/div>\n<div>Em caso de demiss\u00e3o, a orienta\u00e7\u00e3o \u00e9 para que o banc\u00e1rio ou banc\u00e1ria entre em contato imediatamente com o Sindicato.\u00a0<\/div>\n<div>\u00a0<\/div>\n<div><strong>SINDICALIZE-SE<\/strong><\/div>\n<p>\u00a0<\/p>\n<p>\u00a0<\/p>\n","protected":false},"excerpt":{"rendered":"<p>\u00a0 O\u00a0Sindicato dos Banc\u00e1rios da Baixada Fluminense reintegrou mais uma banc\u00e1ria do Banco Bradesco. A reintegra\u00e7\u00e3o ocorreu nesta quarta-feira, 12 de maio, na ag\u00eancia de Japeri.\u00a0 Pamella Ramos foi demitida em plena pandemia do novo coronav\u00edrus. Mas, atrav\u00e9s do excelente trabalho que os\u00a0Departamentos Jur\u00eddico e de Sa\u00fade do Sindicato vem realizando, a banc\u00e1ria foi reintegrada [&hellip;]<\/p>\n","protected":false},"author":2,"featured_media":10927,"comment_status":"","ping_status":"","sticky":false,"template":"","format":"standard","meta":{"footnotes":""},"categories":[3],"tags":[],"class_list":["post-10928","post","type-post","status-publish","format-standard","has-post-thumbnail","hentry","category-noticias"],"_links":{"self":[{"href":"https:\/\/hostnetart.com.br\/baixada\/wp-json\/wp\/v2\/posts\/10928","targetHints":{"allow":["GET"]}}],"collection":[{"href":"https:\/\/hostnetart.com.br\/baixada\/wp-json\/wp\/v2\/posts"}],"about":[{"href":"https:\/\/hostnetart.com.br\/baixada\/wp-json\/wp\/v2\/types\/post"}],"author":[{"embeddable":true,"href":"https:\/\/hostnetart.com.br\/baixada\/wp-json\/wp\/v2\/users\/2"}],"replies":[{"embeddable":true,"href":"https:\/\/hostnetart.com.br\/baixada\/wp-json\/wp\/v2\/comments?post=10928"}],"version-history":[{"count":0,"href":"https:\/\/hostnetart.com.br\/baixada\/wp-json\/wp\/v2\/posts\/10928\/revisions"}],"wp:featuredmedia":[{"embeddable":true,"href":"https:\/\/hostnetart.com.br\/baixada\/wp-json\/wp\/v2\/media\/10927"}],"wp:attachment":[{"href":"https:\/\/hostnetart.com.br\/baixada\/wp-json\/wp\/v2\/media?parent=10928"}],"wp:term":[{"taxonomy":"category","embeddable":true,"href":"https:\/\/hostnetart.com.br\/baixada\/wp-json\/wp\/v2\/categories?post=10928"},{"taxonomy":"post_tag","embeddable":true,"href":"https:\/\/hostnetart.com.br\/baixada\/wp-json\/wp\/v2\/tags?post=10928"}],"curies":[{"name":"wp","href":"https:\/\/api.w.org\/{rel}","templated":true}]}}