{"id":10922,"date":"2021-05-12T03:10:28","date_gmt":"2021-05-12T06:10:28","guid":{"rendered":"https:\/\/hostnetart.com.br\/baixada\/contraf-cut-cobra-que-bancos-defendam-inclusao-da-categoria-na-prioridade-da-vacina\/"},"modified":"2021-05-12T03:10:28","modified_gmt":"2021-05-12T06:10:28","slug":"contraf-cut-cobra-que-bancos-defendam-inclusao-da-categoria-na-prioridade-da-vacina","status":"publish","type":"post","link":"https:\/\/hostnetart.com.br\/baixada\/contraf-cut-cobra-que-bancos-defendam-inclusao-da-categoria-na-prioridade-da-vacina\/","title":{"rendered":"Contraf-CUT cobra que bancos defendam inclus\u00e3o da categoria na prioridade da vacina"},"content":{"rendered":"<p>O sistema financeiro mant\u00e9m rela\u00e7\u00e3o pr\u00f3xima ao presidente Bolsonaro, mas se esquece de defender que a categoria banc\u00e1ria seja inclu\u00edda na lista de prioridades para a vacina\u00e7\u00e3o contra a Covid-19. A cr\u00edtica \u00e9 feita pela presidenta da Confedera\u00e7\u00e3o Nacional dos Trabalhadores do Ramo Financeiro (Contraf-CUT), Juvandia Moreira, coordenadora do Comando Nacional dos Banc\u00e1rios.<\/p>\n<p>\u201cOs representantes dos bancos v\u00e3o jantar, fazem lives com o Bolsonaro, na quais discutem a venda de empresas p\u00fablicas, inclusive dos bancos p\u00fablicos, tratam de assuntos do interesse deles como essa reforma tribut\u00e1ria e a administrativa, para acabar com a estabilidade dos servidores e funcion\u00e1rios das empresas p\u00fablicas, mas n\u00e3o tratam de priorizar a categoria banc\u00e1ria para tomar a vacina\u201d, criticou a presidenta da Contraf-CUT, coordenadora do Comando Nacional dos Banc\u00e1rios.<\/p>\n<p><strong>Atividade essencial<\/strong><\/p>\n<p>A atividade banc\u00e1ria \u00e9 considerada essencial nos termos do Decreto n\u00b0 10.282 de 20 de mar\u00e7o de 2020, alterado pelo Decreto n\u00b0 10.329 de 28 de abril de 2020, que regulamenta a Lei n\u00b0 13.979 de 6 de fevereiro de 2020 e tem por finalidade atender \u00e0s demandas de todos os clientes, usu\u00e1rios dos servi\u00e7os e de toda a sociedade, inclusive dos benefici\u00e1rios das pol\u00edticas p\u00fablicas vigentes, como o aux\u00edlio emergencial.<\/p>\n<p>\u201cBanc\u00e1rias e banc\u00e1rios est\u00e3o na linha de frente no atendimento \u00e0 popula\u00e7\u00e3o. Prestamos um servi\u00e7o essencial que n\u00e3o \u00e9 reconhecido nem pelos bancos e nem pelo governo. Temos v\u00e1rias categorias na lista de prioridade e a nossa categoria ainda n\u00e3o est\u00e1 inclu\u00edda. A gente v\u00ea banc\u00e1rias e banc\u00e1rios morrendo. \u00c9 muito triste\u201d, lamentou Juvandia Moreira.<\/p>\n<p><strong>Of\u00edcio<\/strong><\/p>\n<p>A Contraf-CUT enviou of\u00edcio ao Minist\u00e9rio da Sa\u00fade solicitando a inclus\u00e3o da categoria no Plano Nacional de Imuniza\u00e7\u00e3o contra o coronav\u00edrus. No of\u00edcio enviado ao Minist\u00e9rio, a Contraf-CUT destaca que a atividade banc\u00e1ria \u201cse mant\u00e9m ativa e em funcionamento em todo o territ\u00f3rio brasileiro e a categoria banc\u00e1ria vem prestando o servi\u00e7o com a m\u00e1xima efici\u00eancia\u201d, inclusive na \u201cexecu\u00e7\u00e3o de pol\u00edticas p\u00fablicas de car\u00e1ter social\u201d. V\u00e1rios sindicatos e federa\u00e7\u00f5es j\u00e1 disponibilizaram para suas bases um abaixo-assinado virtual que cobra a inclus\u00e3o da categoria banc\u00e1ria no grupo priorit\u00e1rio para a imuniza\u00e7\u00e3o.<\/p>\n<p><strong>Vacina para todos j\u00e1<\/strong><\/p>\n<p>A defesa da inclus\u00e3o da categoria n\u00e3o exclui a defesa de vacina para todos j\u00e1, reivindica\u00e7\u00e3o atual, diante do atraso na aplica\u00e7\u00e3o da vacina. \u201cDefendemos vacina para todos e que os servi\u00e7os essenciais, como o dos banc\u00e1rios, que tem possibilidade de transmiss\u00e3o do v\u00edrus pela caracter\u00edstica da atividade econ\u00f4mica, sejam inclu\u00eddos como prioridade no Plano Nacional de Imuniza\u00e7\u00e3o\u201d, explicou o secret\u00e1rio da Sa\u00fade do Trabalhador da Contraf-CUT, Mauro Salles.<\/p>\n<p>A Contraf-CUT tamb\u00e9m tem cobrado dos bancos dados sobre n\u00famero de infectados, \u00f3bitos na categoria e sobre sequelas decorrentes da doen\u00e7a. A entidade tamb\u00e9m tem reivindicado informa\u00e7\u00f5es sobre programas de testagens nas institui\u00e7\u00f5es banc\u00e1rias, bem como o cumprimento dos protocolos de prote\u00e7\u00e3o \u00e0 doen\u00e7a. \u201cVamos cobrar os dados para exigirmos do governo justi\u00e7a no plano de vacina\u00e7\u00e3o, com a inclus\u00e3o das categorias essenciais na lista,\u201d completou Juvandia.<\/p>\n<p><span style=\"text-decoration: underline;\"><strong>Fonte: Contraf-CUT<\/strong><\/span><\/p>\n","protected":false},"excerpt":{"rendered":"<p>O sistema financeiro mant\u00e9m rela\u00e7\u00e3o pr\u00f3xima ao presidente Bolsonaro, mas se esquece de defender que a categoria banc\u00e1ria seja inclu\u00edda na lista de prioridades para a vacina\u00e7\u00e3o contra a Covid-19. A cr\u00edtica \u00e9 feita pela presidenta da Confedera\u00e7\u00e3o Nacional dos Trabalhadores do Ramo Financeiro (Contraf-CUT), Juvandia Moreira, coordenadora do Comando Nacional dos Banc\u00e1rios. \u201cOs representantes [&hellip;]<\/p>\n","protected":false},"author":2,"featured_media":10921,"comment_status":"","ping_status":"","sticky":false,"template":"","format":"standard","meta":{"footnotes":""},"categories":[3],"tags":[],"class_list":["post-10922","post","type-post","status-publish","format-standard","has-post-thumbnail","hentry","category-noticias"],"_links":{"self":[{"href":"https:\/\/hostnetart.com.br\/baixada\/wp-json\/wp\/v2\/posts\/10922","targetHints":{"allow":["GET"]}}],"collection":[{"href":"https:\/\/hostnetart.com.br\/baixada\/wp-json\/wp\/v2\/posts"}],"about":[{"href":"https:\/\/hostnetart.com.br\/baixada\/wp-json\/wp\/v2\/types\/post"}],"author":[{"embeddable":true,"href":"https:\/\/hostnetart.com.br\/baixada\/wp-json\/wp\/v2\/users\/2"}],"replies":[{"embeddable":true,"href":"https:\/\/hostnetart.com.br\/baixada\/wp-json\/wp\/v2\/comments?post=10922"}],"version-history":[{"count":0,"href":"https:\/\/hostnetart.com.br\/baixada\/wp-json\/wp\/v2\/posts\/10922\/revisions"}],"wp:featuredmedia":[{"embeddable":true,"href":"https:\/\/hostnetart.com.br\/baixada\/wp-json\/wp\/v2\/media\/10921"}],"wp:attachment":[{"href":"https:\/\/hostnetart.com.br\/baixada\/wp-json\/wp\/v2\/media?parent=10922"}],"wp:term":[{"taxonomy":"category","embeddable":true,"href":"https:\/\/hostnetart.com.br\/baixada\/wp-json\/wp\/v2\/categories?post=10922"},{"taxonomy":"post_tag","embeddable":true,"href":"https:\/\/hostnetart.com.br\/baixada\/wp-json\/wp\/v2\/tags?post=10922"}],"curies":[{"name":"wp","href":"https:\/\/api.w.org\/{rel}","templated":true}]}}