{"id":10918,"date":"2021-05-11T03:04:28","date_gmt":"2021-05-11T06:04:28","guid":{"rendered":"https:\/\/hostnetart.com.br\/baixada\/mulheres-do-ramo-financeiro-realizam-encontro-nacional\/"},"modified":"2021-05-11T03:04:28","modified_gmt":"2021-05-11T06:04:28","slug":"mulheres-do-ramo-financeiro-realizam-encontro-nacional","status":"publish","type":"post","link":"https:\/\/hostnetart.com.br\/baixada\/mulheres-do-ramo-financeiro-realizam-encontro-nacional\/","title":{"rendered":"Mulheres do ramo financeiro realizam encontro nacional"},"content":{"rendered":"<p>O Encontro Nacional das Mulheres Trabalhadoras do Ramo Financeiro, organizado pela Confedera\u00e7\u00e3o Nacional dos Trabalhadores do Ramo Financeiro (Contraf-CUT), ser\u00e1 realizado na quinta-feira (13). As mulheres banc\u00e1rias tiveram um forte protagonismo na luta por direitos. Foram as primeiras a conquistarem uma cl\u00e1usula espec\u00edfica para tratar da quest\u00e3o em conven\u00e7\u00e3o coletiva de trabalho. Posteriormente, a categoria conquistou tamb\u00e9m uma mesa permanente para tratar da quest\u00e3o de g\u00eanero e das quest\u00f5es identit\u00e1rias.<\/p>\n<p>\u201cTivemos importantes conquistas nessa \u00faltima d\u00e9cada como as amplia\u00e7\u00f5es das licen\u00e7as maternidade e paternidade, direitos iguais para casais homoafetivos, dentre outros. Mais recentemente, conquistamos uma cl\u00e1usula da conven\u00e7\u00e3o para tratar de da viol\u00eancia contra a mulher. \u00c9 fundamental que as mulheres do ramo financeiro se organizem nesse momento t\u00e3o dif\u00edcil. As mulheres s\u00e3o as maiores v\u00edtimas da pandemia, com aumento das den\u00fancias de viol\u00eancia dom\u00e9stica. Vivemos um retrocesso em nossos direitos conquistados com esse presidente mis\u00f3gino, machista, respons\u00e1vel pelo caos que vivemos. Esse governo est\u00e1 acentuando as desigualdades.\u201d, afirmou a secret\u00e1ria da Mulher da Contraf-CUT, Elaine Cutis.<\/p>\n<p><span style=\"text-decoration: underline;\"><strong>Desemprego<\/strong><\/span><\/p>\n<p>O peso do sustento das fam\u00edlias carentes, maior para as mulheres, cresceu durante a pandemia, principalmente com o aumento do desemprego. \u201cN\u00f3s, mulheres, que representamos mais da metade da popula\u00e7\u00e3o, sofremos com o desemprego e com o sustento da fam\u00edlia. Caiu a participa\u00e7\u00e3o de mulheres no mercado de trabalho a 45,8% no terceiro trimestre de 2020, o n\u00edvel mais baixo desde 1990. S\u00f3 no ano passado, foram registradas mais de 105 mil den\u00fancias de viol\u00eancia dom\u00e9sticas contra as mulheres\u201d, destacou a secret\u00e1ria da Mulher da Contraf-CUT.<\/p>\n<p>Participam do Encontro Nacional de Mulheres do Ramo Financeiro delegadas eleitas pelas federa\u00e7\u00f5es. \u201cTemos muito que debater nesse encontro nacional, at\u00e9 mesmo os avan\u00e7os que as mulheres banc\u00e1rias conseguiram no \u00faltimo per\u00edodo, com nosso movimento sindical garantindo que os bancos criassem canais de apoio \u00e0s banc\u00e1rias v\u00edtimas de viol\u00eancia dom\u00e9stica. Como sempre, estaremos organizadas e pensando estrat\u00e9gias para conter todo o retrocesso que esse governo est\u00e1 tentando nos impor\u201d, disse Elaine Cutis.<\/p>\n<p><strong>Fonte: Contraf-CUT<\/strong><\/p>\n","protected":false},"excerpt":{"rendered":"<p>O Encontro Nacional das Mulheres Trabalhadoras do Ramo Financeiro, organizado pela Confedera\u00e7\u00e3o Nacional dos Trabalhadores do Ramo Financeiro (Contraf-CUT), ser\u00e1 realizado na quinta-feira (13). As mulheres banc\u00e1rias tiveram um forte protagonismo na luta por direitos. Foram as primeiras a conquistarem uma cl\u00e1usula espec\u00edfica para tratar da quest\u00e3o em conven\u00e7\u00e3o coletiva de trabalho. Posteriormente, a categoria [&hellip;]<\/p>\n","protected":false},"author":2,"featured_media":10917,"comment_status":"","ping_status":"","sticky":false,"template":"","format":"standard","meta":{"footnotes":""},"categories":[3],"tags":[],"class_list":["post-10918","post","type-post","status-publish","format-standard","has-post-thumbnail","hentry","category-noticias"],"_links":{"self":[{"href":"https:\/\/hostnetart.com.br\/baixada\/wp-json\/wp\/v2\/posts\/10918","targetHints":{"allow":["GET"]}}],"collection":[{"href":"https:\/\/hostnetart.com.br\/baixada\/wp-json\/wp\/v2\/posts"}],"about":[{"href":"https:\/\/hostnetart.com.br\/baixada\/wp-json\/wp\/v2\/types\/post"}],"author":[{"embeddable":true,"href":"https:\/\/hostnetart.com.br\/baixada\/wp-json\/wp\/v2\/users\/2"}],"replies":[{"embeddable":true,"href":"https:\/\/hostnetart.com.br\/baixada\/wp-json\/wp\/v2\/comments?post=10918"}],"version-history":[{"count":0,"href":"https:\/\/hostnetart.com.br\/baixada\/wp-json\/wp\/v2\/posts\/10918\/revisions"}],"wp:featuredmedia":[{"embeddable":true,"href":"https:\/\/hostnetart.com.br\/baixada\/wp-json\/wp\/v2\/media\/10917"}],"wp:attachment":[{"href":"https:\/\/hostnetart.com.br\/baixada\/wp-json\/wp\/v2\/media?parent=10918"}],"wp:term":[{"taxonomy":"category","embeddable":true,"href":"https:\/\/hostnetart.com.br\/baixada\/wp-json\/wp\/v2\/categories?post=10918"},{"taxonomy":"post_tag","embeddable":true,"href":"https:\/\/hostnetart.com.br\/baixada\/wp-json\/wp\/v2\/tags?post=10918"}],"curies":[{"name":"wp","href":"https:\/\/api.w.org\/{rel}","templated":true}]}}