{"id":10893,"date":"2021-05-10T21:24:27","date_gmt":"2021-05-11T00:24:27","guid":{"rendered":"https:\/\/hostnetart.com.br\/baixada\/empregados-da-caixa-vao-fazer-dia-de-luto-pelas-vitimas-da-covid-19-na-terca-11\/"},"modified":"2021-05-10T21:24:27","modified_gmt":"2021-05-11T00:24:27","slug":"empregados-da-caixa-vao-fazer-dia-de-luto-pelas-vitimas-da-covid-19-na-terca-11","status":"publish","type":"post","link":"https:\/\/hostnetart.com.br\/baixada\/empregados-da-caixa-vao-fazer-dia-de-luto-pelas-vitimas-da-covid-19-na-terca-11\/","title":{"rendered":"Empregados da Caixa v\u00e3o fazer dia de luto pelas v\u00edtimas da Covid-19 na ter\u00e7a (11)"},"content":{"rendered":"<p>Mais de 417 mil mortos pela Covid-19. S\u00e3o familiares, amigos, colegas de trabalho que v\u00e3o embora por conta de uma doen\u00e7a para qual j\u00e1 existe vacina. Diante deste cen\u00e1rio, os empregados da Caixa v\u00e3o fazer um dia de luto pelas v\u00edtimas da doen\u00e7a na ter\u00e7a-feira (11), mesmo dia em que acontece a mesa permanente de negocia\u00e7\u00e3o entre a Comiss\u00e3o Executiva de Empregados da Caixa (CEE\/Caixa) e a dire\u00e7\u00e3o do banco. O ato tamb\u00e9m ser\u00e1 uma mobiliza\u00e7\u00e3o pela vacina j\u00e1, por melhores condi\u00e7\u00f5es de trabalho, al\u00e9m de um grito de resist\u00eancia contra a privatiza\u00e7\u00e3o do banco.<\/p>\n<p>\u201cTemos muitos motivos para realizar este ato. Perdemos dezenas de colegas para a doen\u00e7a, centenas foram contaminados. \u00c9 muito claro que muitas mortes poderiam ser evitadas se n\u00e3o fosse o negacionismo do governo, que n\u00e3o garantiu as vacinas com anteced\u00eancia, e a irresponsabilidade em deixar o pagamento do aux\u00edlio emergencial somente com a Caixa, o que causou enormes filas nas ag\u00eancias e colocou os empregados e a popula\u00e7\u00e3o em risco\u201d, disse Jorge Furlan, integrante da CEE\/Caixa e diretor do Sindicato dos Banc\u00e1rios do ABC Paulista.<\/p>\n<p>Segundo Carlos Augusto Silva (Pipoca), diretor do Sindicato dos Banc\u00e1rios de Campinas e integrante da CEE\/Caixa, a sugest\u00e3o \u00e9 que os empregados compare\u00e7am ao trabalho vestidos de preto. \u201cSer\u00e1 um de luto pelas mais de 400 mil mortes, inclusive de colegas que estavam na linha de frente para o pagamento do aux\u00edlio emergencial. E tamb\u00e9m um dia de luta pela vacina j\u00e1 para toda a popula\u00e7\u00e3o\u201d, disse o dirigente.<\/p>\n<p>Carlos Augusto ressaltou que desde o dia 22 de abril os empregados da Caixa decidiram, em assembleia, decretar estado de greve. No dia 27 de abril os trabalhadores fizeram 24 horas de paralisa\u00e7\u00e3o por diversas reivindica\u00e7\u00f5es, entre elas a vacina\u00e7\u00e3o para a popula\u00e7\u00e3o e para os trabalhadores do banco, al\u00e9m do refor\u00e7o nos protocolos de preven\u00e7\u00e3o e por mais contrata\u00e7\u00f5es.<\/p>\n<p>Junto ao dia de luto haver\u00e1 um tuita\u00e7o, \u00e0s 10h horas. Mobilize-se e participe deste ato utilizando nas suas redes as hashtags #EmpregadosCaixaEmLuto #LutoPelasV\u00edtimas #SomosMaisQueN\u00fameros #VacinaJ\u00e1<\/p>\n<p><strong>Fonte: Contraf-CUT<\/strong><\/p>\n","protected":false},"excerpt":{"rendered":"<p>Mais de 417 mil mortos pela Covid-19. S\u00e3o familiares, amigos, colegas de trabalho que v\u00e3o embora por conta de uma doen\u00e7a para qual j\u00e1 existe vacina. Diante deste cen\u00e1rio, os empregados da Caixa v\u00e3o fazer um dia de luto pelas v\u00edtimas da doen\u00e7a na ter\u00e7a-feira (11), mesmo dia em que acontece a mesa permanente de [&hellip;]<\/p>\n","protected":false},"author":2,"featured_media":10892,"comment_status":"","ping_status":"","sticky":false,"template":"","format":"standard","meta":{"footnotes":""},"categories":[3],"tags":[],"class_list":["post-10893","post","type-post","status-publish","format-standard","has-post-thumbnail","hentry","category-noticias"],"_links":{"self":[{"href":"https:\/\/hostnetart.com.br\/baixada\/wp-json\/wp\/v2\/posts\/10893","targetHints":{"allow":["GET"]}}],"collection":[{"href":"https:\/\/hostnetart.com.br\/baixada\/wp-json\/wp\/v2\/posts"}],"about":[{"href":"https:\/\/hostnetart.com.br\/baixada\/wp-json\/wp\/v2\/types\/post"}],"author":[{"embeddable":true,"href":"https:\/\/hostnetart.com.br\/baixada\/wp-json\/wp\/v2\/users\/2"}],"replies":[{"embeddable":true,"href":"https:\/\/hostnetart.com.br\/baixada\/wp-json\/wp\/v2\/comments?post=10893"}],"version-history":[{"count":0,"href":"https:\/\/hostnetart.com.br\/baixada\/wp-json\/wp\/v2\/posts\/10893\/revisions"}],"wp:featuredmedia":[{"embeddable":true,"href":"https:\/\/hostnetart.com.br\/baixada\/wp-json\/wp\/v2\/media\/10892"}],"wp:attachment":[{"href":"https:\/\/hostnetart.com.br\/baixada\/wp-json\/wp\/v2\/media?parent=10893"}],"wp:term":[{"taxonomy":"category","embeddable":true,"href":"https:\/\/hostnetart.com.br\/baixada\/wp-json\/wp\/v2\/categories?post=10893"},{"taxonomy":"post_tag","embeddable":true,"href":"https:\/\/hostnetart.com.br\/baixada\/wp-json\/wp\/v2\/tags?post=10893"}],"curies":[{"name":"wp","href":"https:\/\/api.w.org\/{rel}","templated":true}]}}