{"id":10881,"date":"2021-05-06T16:23:43","date_gmt":"2021-05-06T19:23:43","guid":{"rendered":"https:\/\/hostnetart.com.br\/baixada\/mesa-de-negociacao-com-a-caixa-sera-no-dia-11-de-maio\/"},"modified":"2021-05-06T16:23:43","modified_gmt":"2021-05-06T19:23:43","slug":"mesa-de-negociacao-com-a-caixa-sera-no-dia-11-de-maio","status":"publish","type":"post","link":"https:\/\/hostnetart.com.br\/baixada\/mesa-de-negociacao-com-a-caixa-sera-no-dia-11-de-maio\/","title":{"rendered":"Mesa de negocia\u00e7\u00e3o com a Caixa ser\u00e1 no dia 11 de maio"},"content":{"rendered":"<p>Na pr\u00f3xima ter\u00e7a-feira (11), \u00e0s 10h, acontece a Mesa Permanente de Negocia\u00e7\u00e3o entre a Comiss\u00e3o Executiva dos Empregados (CEE) da Caixa e a dire\u00e7\u00e3o do banco. Entre os assuntos da pauta a serem discutidos est\u00e3o o pagamento correto da Participa\u00e7\u00e3o nos Lucros e\/ou Resultados (PLR), lan\u00e7amento do desconto no dia de paralisa\u00e7\u00e3o, vacina contra Covid-19 e por mais contrata\u00e7\u00f5es.<\/p>\n<p>Segundo a coordenadora da CEE\/Caixa, Fabiana Uehara Proscholdt, essa reuni\u00e3o depois da paralisa\u00e7\u00e3o dos empregados que aconteceu no dia 27 de abril ser\u00e1 important\u00edssima. \u201cS\u00e3o muitas quest\u00f5es a serem tratadas. Existem assuntos que est\u00e3o pendentes de outras mesas de negocia\u00e7\u00e3o, como o pagamento da PLR Social, e esperamos a resposta da dire\u00e7\u00e3o do banco. Tamb\u00e9m vamos discutir a orienta\u00e7\u00e3o da dire\u00e7\u00e3o do banco para que os empregados homologassem o dia de paralisa\u00e7\u00e3o como falta injustificada. \u00c9 um desrespeito ao nosso direito de greve.\u201d<\/p>\n<p>O integrante da CEE\/Caixa e diretor do Sindicato dos Banc\u00e1rios do ABC Paulista, Jorge Furlan, ressaltou que o dia de paralisa\u00e7\u00e3o foi confirmado por decis\u00e3o judicial ap\u00f3s a Caixa ingressar com pedido de Tutela Cautelar Antecedente no Tribunal Superior do Trabalho (TST). \u201cA dire\u00e7\u00e3o da Caixa alegou que a paralisa\u00e7\u00e3o era abusiva, mas o ministro do TST [Maur\u00edcio Jos\u00e9 Godinho] indeferiu o pedido, garantindo o direito de greve aos trabalhadores.\u201d<\/p>\n<h3>Veja a pauta encaminhada ao banco pela CEE\/Caixa<\/h3>\n<ul>\n<li>PLR Social;<\/li>\n<li>Dia de paralisa\u00e7\u00e3o 27\/Abr;<\/li>\n<li>Dota\u00e7\u00e3o e pagamento de Hora Extra;<\/li>\n<li>Protocolos Covid-19;<\/li>\n<li>Altera\u00e7\u00e3o nos normativos;<\/li>\n<li>Objetivos Smart da VIRED;<\/li>\n<li>Reestrutura\u00e7\u00e3o;<\/li>\n<li>N\u00e3o exposi\u00e7\u00e3o de \u201cNome e Sobrenome\u201d de funcion\u00e1rio em SMS de avalia\u00e7\u00e3o de atendimento;<\/li>\n<li>Inibir que empregados atuem fora da ag\u00eancia (ap\u00f3s a porta girat\u00f3ria);<\/li>\n<li>Debate CR444 (PQV);<\/li>\n<li>Lives durante hor\u00e1rio de atendimento;<\/li>\n<li>PSIs (transpar\u00eancia);<\/li>\n<li>Canal de den\u00fancias de viol\u00eancia dom\u00e9stica \u00e0s empregadas;<\/li>\n<li>Sindicaliza\u00e7\u00e3o;<\/li>\n<li>Promo\u00e7\u00e3o por m\u00e9rito;<\/li>\n<li>Contrata\u00e7\u00f5es;<\/li>\n<li>Acordo de Teletrabalho e Banco de Horas.<\/li>\n<\/ul>\n<p><strong>Fonte: Contraf-CUT<\/strong><\/p>\n","protected":false},"excerpt":{"rendered":"<p>Na pr\u00f3xima ter\u00e7a-feira (11), \u00e0s 10h, acontece a Mesa Permanente de Negocia\u00e7\u00e3o entre a Comiss\u00e3o Executiva dos Empregados (CEE) da Caixa e a dire\u00e7\u00e3o do banco. Entre os assuntos da pauta a serem discutidos est\u00e3o o pagamento correto da Participa\u00e7\u00e3o nos Lucros e\/ou Resultados (PLR), lan\u00e7amento do desconto no dia de paralisa\u00e7\u00e3o, vacina contra Covid-19 [&hellip;]<\/p>\n","protected":false},"author":2,"featured_media":10880,"comment_status":"","ping_status":"","sticky":false,"template":"","format":"standard","meta":{"footnotes":""},"categories":[3],"tags":[],"class_list":["post-10881","post","type-post","status-publish","format-standard","has-post-thumbnail","hentry","category-noticias"],"_links":{"self":[{"href":"https:\/\/hostnetart.com.br\/baixada\/wp-json\/wp\/v2\/posts\/10881","targetHints":{"allow":["GET"]}}],"collection":[{"href":"https:\/\/hostnetart.com.br\/baixada\/wp-json\/wp\/v2\/posts"}],"about":[{"href":"https:\/\/hostnetart.com.br\/baixada\/wp-json\/wp\/v2\/types\/post"}],"author":[{"embeddable":true,"href":"https:\/\/hostnetart.com.br\/baixada\/wp-json\/wp\/v2\/users\/2"}],"replies":[{"embeddable":true,"href":"https:\/\/hostnetart.com.br\/baixada\/wp-json\/wp\/v2\/comments?post=10881"}],"version-history":[{"count":0,"href":"https:\/\/hostnetart.com.br\/baixada\/wp-json\/wp\/v2\/posts\/10881\/revisions"}],"wp:featuredmedia":[{"embeddable":true,"href":"https:\/\/hostnetart.com.br\/baixada\/wp-json\/wp\/v2\/media\/10880"}],"wp:attachment":[{"href":"https:\/\/hostnetart.com.br\/baixada\/wp-json\/wp\/v2\/media?parent=10881"}],"wp:term":[{"taxonomy":"category","embeddable":true,"href":"https:\/\/hostnetart.com.br\/baixada\/wp-json\/wp\/v2\/categories?post=10881"},{"taxonomy":"post_tag","embeddable":true,"href":"https:\/\/hostnetart.com.br\/baixada\/wp-json\/wp\/v2\/tags?post=10881"}],"curies":[{"name":"wp","href":"https:\/\/api.w.org\/{rel}","templated":true}]}}