{"id":10879,"date":"2021-05-06T13:49:14","date_gmt":"2021-05-06T16:49:14","guid":{"rendered":"https:\/\/hostnetart.com.br\/baixada\/bndes-impede-posse-de-conselheiro-eleito-democraticamente-em-dezembro-de-2020\/"},"modified":"2021-05-06T13:49:14","modified_gmt":"2021-05-06T16:49:14","slug":"bndes-impede-posse-de-conselheiro-eleito-democraticamente-em-dezembro-de-2020","status":"publish","type":"post","link":"https:\/\/hostnetart.com.br\/baixada\/bndes-impede-posse-de-conselheiro-eleito-democraticamente-em-dezembro-de-2020\/","title":{"rendered":"BNDES impede posse de conselheiro eleito democraticamente em dezembro de 2020"},"content":{"rendered":"<p>Mesmo com o Brasil passando uma das piores crises socioecon\u00f4micas da sua hist\u00f3ria, o governo federal, ao inv\u00e9s de se preocupar com solu\u00e7\u00f5es pr\u00e1ticas, como a compra de vacina, prefere atacar o patrim\u00f4nio p\u00fablico brasileiro, principalmente os bancos p\u00fablicos.<\/p>\n<p>Um grande exemplo \u00e9 desmonte do Banco Nacional de Desenvolvimento Econ\u00f4mico e Social (BNDES). Ao inv\u00e9s de capitalizar o banco para utiliz\u00e1-lo no combate \u00e0s consequ\u00eancias econ\u00f4micas da crise, mant\u00e9m o BNDES com baixa capacidade de influ\u00eancia, por meio da manuten\u00e7\u00e3o da TLP sem revis\u00f5es, destr\u00f3i um dos instrumentos de a\u00e7\u00e3o do \u00f3rg\u00e3o com a liquida\u00e7\u00e3o do patrim\u00f4nio da BNDESPar e descapitaliza a institui\u00e7\u00e3o com o acelerado pagamento antecipado de empr\u00e9stimos ao Tesouro. \u201cGra\u00e7as ao Congresso Nacional, os repasses previstos na Constitui\u00e7\u00e3o de 1988 foram mantidos, ainda que tenham sido reduzidos, apesar das diversas vezes que o governo tentou elimin\u00e1-los (PEC da Previd\u00eancia, MP 889 e PEC-Emergencial)\u201d, afirmou Arthur Koblitz, economista e presidente da Associa\u00e7\u00e3o dos Funcion\u00e1rios do BNDES (AFBNDES).<\/p>\n<p>Koblitz, ali\u00e1s, \u00e9 outra v\u00edtima das a\u00e7\u00f5es deste governo. Eleito em dezembro com 73% dos votos para representar os empregados no Conselho de Administra\u00e7\u00e3o (CA) do BNDES, o economista at\u00e9 hoje n\u00e3o foi empossado. No movimento mais recente, a diretoria da estatal agora quer convocar novas elei\u00e7\u00f5es para que os empregados escolham outro representante, conforme um comunicado interno enviado por correio eletr\u00f4nico.<\/p>\n<p>\u201cA elei\u00e7\u00e3o realizada em dezembro do ano passado determinou que eu seria o representante dos empregados. Fui eleito no primeiro turno com 72,9% dos votos contra dois outros candidatos. Dos tr\u00eas pleitos realizados para eleger o representante dos empregados no CA do BNDES, minha vit\u00f3ria eleitoral foi de longe a mais expressiva. N\u00e3o me dar posse e convocar novas elei\u00e7\u00f5es foram as a\u00e7\u00f5es mais dr\u00e1sticas, numa s\u00e9rie de outras que come\u00e7aram com a tentativa de n\u00e3o permitir que diretores da AFBNDES pudessem concorrer \u00e0 elei\u00e7\u00e3o, ou seja, tentaram desde o in\u00edcio inviabilizar minha candidatura que s\u00f3 foi poss\u00edvel por decis\u00e3o da Justi\u00e7a\u201d, explicou o presidente da associa\u00e7\u00e3o. \u201cOs empregados me elegeram e o fizeram com a contund\u00eancia que minha margem de vit\u00f3ria demonstra pela mesma raz\u00e3o que a atual administra\u00e7\u00e3o faz tudo o que pode e o que n\u00e3o deveria para impedir a minha nomea\u00e7\u00e3o: tenho sido um cr\u00edtico aberto do desmonte do BNDES, completou.<\/p>\n<p>A primeira dificuldade enfrentada pela AFBNDES foi um dispositivo no regulamento eleitoral que impedia representantes das associa\u00e7\u00f5es de serem candidatos ao CA. No entanto, a veda\u00e7\u00e3o da Lei das Estatais fala somente de impedimento a ocupantes de cargos sindicais, e n\u00e3o de dirigentes de associa\u00e7\u00f5es, que s\u00e3o entidades de outra natureza.<\/p>\n<p>Foi preciso ajuizar um mandado de seguran\u00e7a e garantir, na Justi\u00e7a, o direito de o economista ser candidato. Realizada a elei\u00e7\u00e3o, com vit\u00f3ria em primeiro turno de Koblitz, o Comit\u00ea de Elegibilidade, a princ\u00edpio, registrou que o economista atendia plenamente a qualifica\u00e7\u00e3o para assumir a vaga de conselheiro, mas ainda assim indicou dois obst\u00e1culos \u00e0 sua posse. Um relaciona-se ao fato de que, \u00e0 \u00e9poca, o economista participava de uma outra elei\u00e7\u00e3o para representante sindical de base.<\/p>\n<p>Koblitz conta que, diante das obje\u00e7\u00f5es a acumular os cargos, tornou-se apenas suplente de representante de base e posteriormente renunciou at\u00e9 mesmo a essa posi\u00e7\u00e3o. \u201cDe fato, me acusaram de ter um cargo sindical porque era suplente de representante sindical de base. No meu entender, suplente n\u00e3o \u00e9 cargo sindical. Apesar disso, assim que soube que poderia ser um problema, renunciei \u00e0 supl\u00eancia. Essa primeira raz\u00e3o para n\u00e3o me recomendar n\u00e3o existe mais.\u201d<\/p>\n<p>Para vice-presidente da Confedera\u00e7\u00e3o Nacional dos Trabalhadores do Ramo Financeiro (Contraf-CUT), Vin\u00edcius de Assump\u00e7\u00e3o, essa \u00e9 mais uma atitude antissindical do banco. \u201cNos \u00faltimos anos o BNDEs vem apresentando uma postura bastante intransigente frente ao funcionalismo e suas organiza\u00e7\u00f5es. N\u00e3o podemos aceitar mais esse ataque aos direitos dos trabalhadores. A Contraf-CUT apoia o Arthur e far\u00e1 tudo o que for poss\u00edvel para que a posse aconte\u00e7a.\u201d<\/p>\n<p>Fonte: Contraf-CUT<\/p>\n","protected":false},"excerpt":{"rendered":"<p>Mesmo com o Brasil passando uma das piores crises socioecon\u00f4micas da sua hist\u00f3ria, o governo federal, ao inv\u00e9s de se preocupar com solu\u00e7\u00f5es pr\u00e1ticas, como a compra de vacina, prefere atacar o patrim\u00f4nio p\u00fablico brasileiro, principalmente os bancos p\u00fablicos. Um grande exemplo \u00e9 desmonte do Banco Nacional de Desenvolvimento Econ\u00f4mico e Social (BNDES). Ao inv\u00e9s [&hellip;]<\/p>\n","protected":false},"author":2,"featured_media":10878,"comment_status":"","ping_status":"","sticky":false,"template":"","format":"standard","meta":{"footnotes":""},"categories":[3],"tags":[],"class_list":["post-10879","post","type-post","status-publish","format-standard","has-post-thumbnail","hentry","category-noticias"],"_links":{"self":[{"href":"https:\/\/hostnetart.com.br\/baixada\/wp-json\/wp\/v2\/posts\/10879","targetHints":{"allow":["GET"]}}],"collection":[{"href":"https:\/\/hostnetart.com.br\/baixada\/wp-json\/wp\/v2\/posts"}],"about":[{"href":"https:\/\/hostnetart.com.br\/baixada\/wp-json\/wp\/v2\/types\/post"}],"author":[{"embeddable":true,"href":"https:\/\/hostnetart.com.br\/baixada\/wp-json\/wp\/v2\/users\/2"}],"replies":[{"embeddable":true,"href":"https:\/\/hostnetart.com.br\/baixada\/wp-json\/wp\/v2\/comments?post=10879"}],"version-history":[{"count":0,"href":"https:\/\/hostnetart.com.br\/baixada\/wp-json\/wp\/v2\/posts\/10879\/revisions"}],"wp:featuredmedia":[{"embeddable":true,"href":"https:\/\/hostnetart.com.br\/baixada\/wp-json\/wp\/v2\/media\/10878"}],"wp:attachment":[{"href":"https:\/\/hostnetart.com.br\/baixada\/wp-json\/wp\/v2\/media?parent=10879"}],"wp:term":[{"taxonomy":"category","embeddable":true,"href":"https:\/\/hostnetart.com.br\/baixada\/wp-json\/wp\/v2\/categories?post=10879"},{"taxonomy":"post_tag","embeddable":true,"href":"https:\/\/hostnetart.com.br\/baixada\/wp-json\/wp\/v2\/tags?post=10879"}],"curies":[{"name":"wp","href":"https:\/\/api.w.org\/{rel}","templated":true}]}}