{"id":10862,"date":"2021-05-04T04:29:31","date_gmt":"2021-05-04T07:29:31","guid":{"rendered":"https:\/\/hostnetart.com.br\/baixada\/tres-em-cada-quatro-brasileiros-perderam-alguem-para-a-covid-19\/"},"modified":"2021-05-04T04:29:31","modified_gmt":"2021-05-04T07:29:31","slug":"tres-em-cada-quatro-brasileiros-perderam-alguem-para-a-covid-19","status":"publish","type":"post","link":"https:\/\/hostnetart.com.br\/baixada\/tres-em-cada-quatro-brasileiros-perderam-alguem-para-a-covid-19\/","title":{"rendered":"Tr\u00eas em cada quatro brasileiros perderam algu\u00e9m para a covid-19"},"content":{"rendered":"<p>Ostentando a terr\u00edvel posi\u00e7\u00e3o entre os pa\u00edses campe\u00f5es de mortes causadas pela covid-19 desde o in\u00edcio da pandemia, h\u00e1 mais de um ano os brasileiros vivem hist\u00f3rias tristes de perdas de familiares, amigos, colegas de trabalho. Levantamento realizado pela Confedera\u00e7\u00e3o Nacional da Ind\u00fastria (CNI) indica que tr\u00eas em cada quatro brasileiros perderam algu\u00e9m para a covid-19. Segundo a pesquisa\u00a0<em>Os brasileiros, a pandemia e o consumo<\/em>, divulgada nesta segunda-feira (3), dos que sofrem com alguma morte causada pela pandemia do\u00a0<a href=\"https:\/\/www.redebrasilatual.com.br\/tag\/coronavirus\/\" target=\"_blank\" rel=\"noopener noreferrer\">novo coronav\u00edrus<\/a>\u00a053% perderam um amigo, 25% um parente que mora em outra resid\u00eancia e 15% um colega de trabalho.<\/p>\n<p>Diante do cen\u00e1rio em que o Brasil est\u00e1 mergulhado, com alto n\u00famero de mortes e falta de vacinas, a pesquisa da CNI revela que 89% dos brasileiros consideram a pandemia no Brasil \u201cmuito grave\u201d ou \u201cgrave\u201d. Outros 6% a classificam como \u201cmais ou menos grave\u201d, enquanto apenas 10% dos brasileiros a tratam como \u201cpouco grave\u201d ou \u201cnada grave\u201d. Em julho de 2020, 84% das pessoas consideravam a pandemia \u201cmuito grave\u201d ou \u201cgrave\u201d.<\/p>\n<h2><span style=\"text-decoration: underline;\">Pode piorar<\/span><\/h2>\n<p>O Brasil conta mais de 407 mil pessoas mortas pela covid-19 e pode chegar a 575 mil mortes at\u00e9 1\u00ba de agosto, segundo o cen\u00e1rio mais prov\u00e1vel projetado pelo Instituto de M\u00e9tricas de Sa\u00fade e Avalia\u00e7\u00e3o (IHME) da Universidade de Washington, nos Estados Unidos. \u201cNo pior cen\u00e1rio, o pa\u00eds atingir\u00e1 688,7 mil \u00f3bitos no mesmo per\u00edodo. O instituto tamb\u00e9m avalia que \u00e9 poss\u00edvel a ocorr\u00eancia de uma terceira onda a partir do final de maio\u201d, relata o jornalista\u00a0<a href=\"https:\/\/noticias.uol.com.br\/colunas\/leonardo-sakamoto\/2021\/05\/03\/brasil-deve-atingir-575-mil-mortes-em-1-de-agosto-diz-instituto-dos-eua.htm\" target=\"_blank\" rel=\"noopener noreferrer\">Leonardo Sakamoto<\/a>.<\/p>\n<p>\u201cAs proje\u00e7\u00f5es da Universidade de Washington est\u00e3o bem precisas, pois a s\u00e9rie hist\u00f3rica \u00e9 est\u00e1vel. At\u00e9 mesmo nossas insufici\u00eancias nas testagens est\u00e3o refletidas\u201d, afirmou \u00e0 Sakamoto o epidemiologista Wanderson Oliveira, secret\u00e1rio de Servi\u00e7os Integrados de Sa\u00fade do Supremo Tribunal Federal e e ex-secret\u00e1rio nacional de Vigil\u00e2ncia em Sa\u00fade do Minist\u00e9rio da Sa\u00fade.<\/p>\n<h3><strong>Muito medo<\/strong><\/h3>\n<p>Al\u00e9m das perdas irrepar\u00e1veis, os brasileiros vivem com medo, o que tamb\u00e9m pode levar a outros tantos tipos de adoecimento. O levantamento da CNI indica que 56% dos brasileiros possui atualmente um medo \u201cmuito grande\u201d ou \u201cgrande\u201d da covid-19.<\/p>\n<p>\u201cEm julho do ano passado, quando outro levantamento foi realizado, este porcentual era de 47%\u201d, relata reportagem de\u00a0<em><a href=\"https:\/\/saude.estadao.com.br\/noticias\/geral,tres-em-cada-quatro-brasileiros-perderam-alguem-para-a-covid-19-indica-levantamento,70003702304\" target=\"_blank\" rel=\"noopener noreferrer\">O Estado de S. Paulo<\/a><\/em>. \u201cEntre 22% da popula\u00e7\u00e3o o medo atual da pandemia \u00e9 classificado como \u2018m\u00e9dio\u2019 e 9% o qualifica como \u2018pequeno\u2019 ou \u2018muito pequeno\u2019. Em julho de 2020, 29% das pessoas diziam que o medo da pandemia era \u2018m\u00e9dio\u2019 e 10% que era \u2018pequeno\u2019 ou \u2018muito pequeno\u2019.\u201d<\/p>\n<h3><strong>Pandemia abala economia<\/strong><\/h3>\n<p>Realizado pelo Instituto FSB Pesquisa, o levantamento da CNI entrevistou 2.010 pessoas com mais de 16 anos, nas 27 unidades da Federa\u00e7\u00e3o, entre os dias 16 e 20 de abril. A margem de erro da pesquisa \u00e9 de 2 pontos porcentuais, com intervalo de confian\u00e7a de 95%.<\/p>\n<p>Em nota \u00e0 imprensa, o presidente da CNI, Robson Braga de Andrade, defendeu que \u201cenquanto n\u00e3o houver uma vacina\u00e7\u00e3o em massa, a pandemia ser\u00e1 motivo de grande preocupa\u00e7\u00e3o para a popula\u00e7\u00e3o e continuar\u00e1 afetando o funcionamento das empresas, dificultando a esperada retomada da economia\u201d.<\/p>\n<p>De acordo com o cons\u00f3rcio de imprensa formado pelo\u00a0<em>Estad\u00e3o<\/em>,\u00a0<em>G1<\/em>,\u00a0<em>O Globo<\/em>,\u00a0<em>Extra<\/em>,\u00a0<em>Folha<\/em>\u00a0e\u00a0<em>UOL<\/em>, d\u00e3o conta de que 31.875.681 pessoas haviam recebido pelo menos a primeira dose de vacina contra a covid-19 at\u00e9 domingo (2). \u201cO n\u00famero corresponde a apenas 15,05% da popula\u00e7\u00e3o brasileira. Na pr\u00e1tica, de cada 20 brasileiros, somente tr\u00eas j\u00e1 receberam uma dose da vacina. O porcentual de quem j\u00e1 recebeu as duas doses \u00e9 de apenas 7,49% da popula\u00e7\u00e3o\u201d, informa a reportagem.<\/p>\n<p><strong>Fonte: Rede Brasil Atual<\/strong><\/p>\n<p>\u00a0<\/p>\n","protected":false},"excerpt":{"rendered":"<p>Ostentando a terr\u00edvel posi\u00e7\u00e3o entre os pa\u00edses campe\u00f5es de mortes causadas pela covid-19 desde o in\u00edcio da pandemia, h\u00e1 mais de um ano os brasileiros vivem hist\u00f3rias tristes de perdas de familiares, amigos, colegas de trabalho. Levantamento realizado pela Confedera\u00e7\u00e3o Nacional da Ind\u00fastria (CNI) indica que tr\u00eas em cada quatro brasileiros perderam algu\u00e9m para a [&hellip;]<\/p>\n","protected":false},"author":2,"featured_media":10861,"comment_status":"","ping_status":"","sticky":false,"template":"","format":"standard","meta":{"footnotes":""},"categories":[3],"tags":[],"class_list":["post-10862","post","type-post","status-publish","format-standard","has-post-thumbnail","hentry","category-noticias"],"_links":{"self":[{"href":"https:\/\/hostnetart.com.br\/baixada\/wp-json\/wp\/v2\/posts\/10862","targetHints":{"allow":["GET"]}}],"collection":[{"href":"https:\/\/hostnetart.com.br\/baixada\/wp-json\/wp\/v2\/posts"}],"about":[{"href":"https:\/\/hostnetart.com.br\/baixada\/wp-json\/wp\/v2\/types\/post"}],"author":[{"embeddable":true,"href":"https:\/\/hostnetart.com.br\/baixada\/wp-json\/wp\/v2\/users\/2"}],"replies":[{"embeddable":true,"href":"https:\/\/hostnetart.com.br\/baixada\/wp-json\/wp\/v2\/comments?post=10862"}],"version-history":[{"count":0,"href":"https:\/\/hostnetart.com.br\/baixada\/wp-json\/wp\/v2\/posts\/10862\/revisions"}],"wp:featuredmedia":[{"embeddable":true,"href":"https:\/\/hostnetart.com.br\/baixada\/wp-json\/wp\/v2\/media\/10861"}],"wp:attachment":[{"href":"https:\/\/hostnetart.com.br\/baixada\/wp-json\/wp\/v2\/media?parent=10862"}],"wp:term":[{"taxonomy":"category","embeddable":true,"href":"https:\/\/hostnetart.com.br\/baixada\/wp-json\/wp\/v2\/categories?post=10862"},{"taxonomy":"post_tag","embeddable":true,"href":"https:\/\/hostnetart.com.br\/baixada\/wp-json\/wp\/v2\/tags?post=10862"}],"curies":[{"name":"wp","href":"https:\/\/api.w.org\/{rel}","templated":true}]}}