{"id":10858,"date":"2021-05-04T03:40:41","date_gmt":"2021-05-04T06:40:41","guid":{"rendered":"https:\/\/hostnetart.com.br\/baixada\/saiba-quais-sao-os-documentos-necessarios-para-a-acao-do-fgts\/"},"modified":"2021-05-04T03:40:41","modified_gmt":"2021-05-04T06:40:41","slug":"saiba-quais-sao-os-documentos-necessarios-para-a-acao-do-fgts","status":"publish","type":"post","link":"https:\/\/hostnetart.com.br\/baixada\/saiba-quais-sao-os-documentos-necessarios-para-a-acao-do-fgts\/","title":{"rendered":"Saiba quais s\u00e3o os documentos necess\u00e1rios e prazo para a A\u00e7\u00e3o do FGTS"},"content":{"rendered":"<p>Para os interessados em ajuizar a\u00a0a\u00e7\u00e3o do FGTS, o Sindicato dos Banc\u00e1rios da Baixada Fluminense\u00a0lista a rela\u00e7\u00e3o de documentos necess\u00e1rios, esclarecendo que o prazo, para envio dos documentos, termina no dia 10\/05\/2021.<\/p>\n<p><strong>Documentos Pessoais<\/strong><\/p>\n<p>\u2705 RG<br \/> \u2705 CPF<br \/> \u2705 Comprovante de resid\u00eancia (APENAS luz, \u00e1gua e telefone fixo, dos \u00faltimos tr\u00eas meses)<br \/> &#8211; N\u00e3o possuindo em nome pr\u00f3prio o comprovante de resid\u00eancia: mandar RG (documento com foto) do titular + declara\u00e7\u00e3o do titular de que o banc\u00e1rio ou banc\u00e1ria reside com ele.<br \/> \u2705 CTPS (P\u00e1ginas: foto, qualifica\u00e7\u00e3o e contrato de trabalho)<br \/> \u2705 Extrato anal\u00edtico do FGTS \u00a0<\/p>\n<p><strong>Documentos para Preenchimento e Assinatura<\/strong><\/p>\n<p>\u2705<span style=\"font-size: 12pt;\"><strong> Procura\u00e7\u00e3o<\/strong><\/span><br \/><span style=\"font-size: 12pt;\"><span style=\"font-size: 10pt;\"><a href=\"https:\/\/hostnetart.com.br\/baixada\/wp-content\/uploads\/2021\/05\/procuracao-modelo.pdf\" target=\"_blank\" rel=\"alternate noopener noreferrer\">(clique aqui)<\/a><\/span><strong>\u00a0<\/strong><\/span><\/p>\n<p>\u2705 <span style=\"font-size: 12pt;\"><strong>Declara\u00e7\u00e3o de hipossufici\u00eancia<\/strong><\/span><br \/><span style=\"font-size: 10pt;\"><a href=\"https:\/\/hostnetart.com.br\/baixada\/wp-content\/uploads\/2021\/05\/declaracao-de-hipossuficiencia.pdf\" target=\"_blank\" rel=\"alternate noopener noreferrer\">(clique aqui)<\/a><\/span><\/p>\n<p>\u2705 <span style=\"font-size: 12pt;\"><strong>Declara\u00e7\u00e3o de Ren\u00fancia<\/strong><\/span><br \/><span style=\"font-size: 10pt;\"><a href=\"https:\/\/hostnetart.com.br\/baixada\/wp-content\/uploads\/2021\/05\/declaracao-de-renuncia-juizado.pdf\" target=\"_blank\" rel=\"alternate noopener noreferrer\">(clique aqui)<\/a><\/span><\/p>\n<p>\u2705 <span style=\"font-size: 12pt;\"><strong>Contrato de Honor\u00e1rios<\/strong><\/span><br \/><span style=\"font-size: 10pt;\"><a href=\"https:\/\/hostnetart.com.br\/baixada\/wp-content\/uploads\/2021\/05\/contrato-de-honorarios.pdf\" target=\"_blank\" rel=\"alternate noopener noreferrer\">(clique aqui)<\/a><\/span><\/p>\n<p>\u00a0<\/p>\n<p><strong>DIGITALIZA\u00c7\u00c3O E ENVIO<\/strong><\/p>\n<p><strong>Todos os documentos dever\u00e3o ser digitalizados, no padr\u00e3o PDF, e enviados para um dos seguintes e-mail: <\/strong><\/p>\n<p><a href=\"mailto:baptistaereis@gmail.com\">baptistaereis@gmail.com<\/a><\/p>\n<p><a href=\"mailto:luizpaulobarros@yahoo.com.br\">luizpaulobarros@yahoo.com.br<\/a><\/p>\n<p>\u00a0<\/p>\n<p><strong>Entenda<\/strong><\/p>\n<p>Os saldos das contas individuais do FGTS eram corrigidos pela TR, em detrimento aos \u00edndices inflacion\u00e1rios, gerando um grande preju\u00edzo aos saldos de FGTS das contas dos trabalhadores.<\/p>\n<p>Diversas a\u00e7\u00f5es foram ajuizadas questionando o \u00edndice TR como fator de corre\u00e7\u00e3o do FGTS.<\/p>\n<p>Com decis\u00e3o do STJ desfavor\u00e1vel para os trabalhadores, foi interposto recurso extraordin\u00e1rio, cuja aprecia\u00e7\u00e3o est\u00e1 pautada para o dia 13 de maio, no plen\u00e1rio do STF.<\/p>\n<p>Mesmo ap\u00f3s o ano de 2019, quando o prazo para ajuizamento das a\u00e7\u00f5es terminou, o Sindicato ajuizou a\u00e7\u00e3o visando interromper a prescri\u00e7\u00e3o, garantindo a propositura de novas a\u00e7\u00f5es.<\/p>\n<p>O Sindicato dos Banc\u00e1rios da Baixada Fluminense esclarece que nenhum trabalhador ganhou essa a\u00e7\u00e3o ou j\u00e1 est\u00e1 recebendo por ela. Esclarece, ainda,\u00a0que a propositura de novas a\u00e7\u00f5es somente ter\u00e1 efic\u00e1cia se o STF modificar a decis\u00e3o do STJ e reconhecer o direito do trabalhador \u00e0 nova corre\u00e7\u00e3o do FGTS.<\/p>\n<p>\u00a0<\/p>\n<p><strong>Atendimento Jur\u00eddico<\/strong><\/p>\n<p>O Departamento Jur\u00eddico, atrav\u00e9s de seus advogados de plant\u00e3o, estar\u00e1\u00a0\u00e0 disposi\u00e7\u00e3o para atendimento, nos seguintes dias e hor\u00e1rios:<\/p>\n<p>&#8211; Sede \/ Duque de Caxias: Quintas-Feiras das 10h \u00e0s 13h.<br \/> &#8211; Sub Sede \/ Nova Igua\u00e7u: Ter\u00e7as-Feiras das 14h \u00e0s 17h.<\/p>\n","protected":false},"excerpt":{"rendered":"<p>Para os interessados em ajuizar a\u00a0a\u00e7\u00e3o do FGTS, o Sindicato dos Banc\u00e1rios da Baixada Fluminense\u00a0lista a rela\u00e7\u00e3o de documentos necess\u00e1rios, esclarecendo que o prazo, para envio dos documentos, termina no dia 10\/05\/2021. Documentos Pessoais \u2705 RG \u2705 CPF \u2705 Comprovante de resid\u00eancia (APENAS luz, \u00e1gua e telefone fixo, dos \u00faltimos tr\u00eas meses) &#8211; N\u00e3o possuindo [&hellip;]<\/p>\n","protected":false},"author":2,"featured_media":10853,"comment_status":"","ping_status":"","sticky":false,"template":"","format":"standard","meta":{"footnotes":""},"categories":[8],"tags":[],"class_list":["post-10858","post","type-post","status-publish","format-standard","has-post-thumbnail","hentry","category-bancarios"],"_links":{"self":[{"href":"https:\/\/hostnetart.com.br\/baixada\/wp-json\/wp\/v2\/posts\/10858","targetHints":{"allow":["GET"]}}],"collection":[{"href":"https:\/\/hostnetart.com.br\/baixada\/wp-json\/wp\/v2\/posts"}],"about":[{"href":"https:\/\/hostnetart.com.br\/baixada\/wp-json\/wp\/v2\/types\/post"}],"author":[{"embeddable":true,"href":"https:\/\/hostnetart.com.br\/baixada\/wp-json\/wp\/v2\/users\/2"}],"replies":[{"embeddable":true,"href":"https:\/\/hostnetart.com.br\/baixada\/wp-json\/wp\/v2\/comments?post=10858"}],"version-history":[{"count":0,"href":"https:\/\/hostnetart.com.br\/baixada\/wp-json\/wp\/v2\/posts\/10858\/revisions"}],"wp:featuredmedia":[{"embeddable":true,"href":"https:\/\/hostnetart.com.br\/baixada\/wp-json\/wp\/v2\/media\/10853"}],"wp:attachment":[{"href":"https:\/\/hostnetart.com.br\/baixada\/wp-json\/wp\/v2\/media?parent=10858"}],"wp:term":[{"taxonomy":"category","embeddable":true,"href":"https:\/\/hostnetart.com.br\/baixada\/wp-json\/wp\/v2\/categories?post=10858"},{"taxonomy":"post_tag","embeddable":true,"href":"https:\/\/hostnetart.com.br\/baixada\/wp-json\/wp\/v2\/tags?post=10858"}],"curies":[{"name":"wp","href":"https:\/\/api.w.org\/{rel}","templated":true}]}}