{"id":10850,"date":"2021-04-30T14:14:35","date_gmt":"2021-04-30T17:14:35","guid":{"rendered":"https:\/\/hostnetart.com.br\/baixada\/esclarecimento-acao-do-fgts\/"},"modified":"2021-04-30T14:14:35","modified_gmt":"2021-04-30T17:14:35","slug":"esclarecimento-acao-do-fgts","status":"publish","type":"post","link":"https:\/\/hostnetart.com.br\/baixada\/esclarecimento-acao-do-fgts\/","title":{"rendered":"Esclarecimento &#8211; A\u00e7\u00e3o do FGTS"},"content":{"rendered":"<p>O Sindicato dos Banc\u00e1rios da Baixada Fluminense vem esclarecer, devido \u00e0 alta procura\u00a0por informa\u00e7\u00f5es, sobre a a\u00e7\u00e3o do FGTS.<\/p>\n<p><strong>Entenda<\/strong><\/p>\n<p>Os saldos da contas individuais do FGTS eram corrigidos pela TR, em detrimento aos \u00edndices inflacion\u00e1rios, gerando um grande preju\u00edzo aos saldos de FGTS das contas dos trabalhadores.<\/p>\n<p>Diversas a\u00e7\u00f5es foram ajuizadas questionando o \u00edndice TR como fator de corre\u00e7\u00e3o do FGTS.<\/p>\n<p>Com decis\u00e3o do STJ desfavor\u00e1vel para os trabalhadores, foi ajuizado um recurso extraordin\u00e1rio admitido sobre esta decis\u00e3o, cuja aprecia\u00e7\u00e3o est\u00e1 pautada para o dia 13 de maio, no plen\u00e1rio do STF.<\/p>\n<p>Mesmo ap\u00f3s o ano de 2019, quando o prazo para ajuizamento das a\u00e7\u00f5es terminou, o Sindicato continuou a promover essas a\u00e7\u00f5es, com o pedido da extens\u00e3o do prazo prescricional, diante da possibilidade de mudan\u00e7a de decis\u00e3o por parte do STF.<\/p>\n<p>O Sindicato dos Banc\u00e1rios da Baixada Fluminense esclarece que nenhum trabalhador ganhou essa a\u00e7\u00e3o ou j\u00e1 est\u00e1 recebendo por ela. Esclarece, ainda,\u00a0que a propositura de novas a\u00e7\u00f5es somente ter\u00e1 efic\u00e1cia se o STF modificar a decis\u00e3o do STJ e reconhecer o direito do trabalhador \u00e0 nova corre\u00e7\u00e3o do FGTS.<\/p>\n<p><strong>Atendimento Jur\u00eddico<\/strong><\/p>\n<p>O Departamento Jur\u00eddico, atrav\u00e9s de seus advogados de plant\u00e3o, estar\u00e1\u00a0\u00e0 disposi\u00e7\u00e3o para atendimento, nos seguintes dias e hor\u00e1rios:<\/p>\n<p>&#8211; Sede \/ Duque de Caxias: Quintas-Feiras das 8h \u00e0s 11h.<br \/>&#8211; Sub Sede \/ Nova Igua\u00e7u: Ter\u00e7as-Feiras das 14h \u00e0s 17h.<\/p>\n","protected":false},"excerpt":{"rendered":"<p>O Sindicato dos Banc\u00e1rios da Baixada Fluminense vem esclarecer, devido \u00e0 alta procura\u00a0por informa\u00e7\u00f5es, sobre a a\u00e7\u00e3o do FGTS. Entenda Os saldos da contas individuais do FGTS eram corrigidos pela TR, em detrimento aos \u00edndices inflacion\u00e1rios, gerando um grande preju\u00edzo aos saldos de FGTS das contas dos trabalhadores. Diversas a\u00e7\u00f5es foram ajuizadas questionando o \u00edndice [&hellip;]<\/p>\n","protected":false},"author":2,"featured_media":10849,"comment_status":"","ping_status":"","sticky":false,"template":"","format":"standard","meta":{"footnotes":""},"categories":[3],"tags":[],"class_list":["post-10850","post","type-post","status-publish","format-standard","has-post-thumbnail","hentry","category-noticias"],"_links":{"self":[{"href":"https:\/\/hostnetart.com.br\/baixada\/wp-json\/wp\/v2\/posts\/10850","targetHints":{"allow":["GET"]}}],"collection":[{"href":"https:\/\/hostnetart.com.br\/baixada\/wp-json\/wp\/v2\/posts"}],"about":[{"href":"https:\/\/hostnetart.com.br\/baixada\/wp-json\/wp\/v2\/types\/post"}],"author":[{"embeddable":true,"href":"https:\/\/hostnetart.com.br\/baixada\/wp-json\/wp\/v2\/users\/2"}],"replies":[{"embeddable":true,"href":"https:\/\/hostnetart.com.br\/baixada\/wp-json\/wp\/v2\/comments?post=10850"}],"version-history":[{"count":0,"href":"https:\/\/hostnetart.com.br\/baixada\/wp-json\/wp\/v2\/posts\/10850\/revisions"}],"wp:featuredmedia":[{"embeddable":true,"href":"https:\/\/hostnetart.com.br\/baixada\/wp-json\/wp\/v2\/media\/10849"}],"wp:attachment":[{"href":"https:\/\/hostnetart.com.br\/baixada\/wp-json\/wp\/v2\/media?parent=10850"}],"wp:term":[{"taxonomy":"category","embeddable":true,"href":"https:\/\/hostnetart.com.br\/baixada\/wp-json\/wp\/v2\/categories?post=10850"},{"taxonomy":"post_tag","embeddable":true,"href":"https:\/\/hostnetart.com.br\/baixada\/wp-json\/wp\/v2\/tags?post=10850"}],"curies":[{"name":"wp","href":"https:\/\/api.w.org\/{rel}","templated":true}]}}