{"id":10846,"date":"2021-04-29T18:45:26","date_gmt":"2021-04-29T21:45:26","guid":{"rendered":"https:\/\/hostnetart.com.br\/baixada\/eleicoes-da-fundacao-itau-unibanco-comecam-na-proxima-semana\/"},"modified":"2021-04-29T18:45:26","modified_gmt":"2021-04-29T21:45:26","slug":"eleicoes-da-fundacao-itau-unibanco-comecam-na-proxima-semana","status":"publish","type":"post","link":"https:\/\/hostnetart.com.br\/baixada\/eleicoes-da-fundacao-itau-unibanco-comecam-na-proxima-semana\/","title":{"rendered":"Elei\u00e7\u00f5es da Funda\u00e7\u00e3o Ita\u00fa-Unibanco come\u00e7am na pr\u00f3xima semana"},"content":{"rendered":"<p>As elei\u00e7\u00f5es da Funda\u00e7\u00e3o Ita\u00fa come\u00e7am na pr\u00f3xima quarta-feira (5), por voto digital. At\u00e9 o 13 de maio, os banc\u00e1rios ativos e assistidos poder\u00e3o escolher os representantes dos participantes ativos, autopatrocinados, optantes pelo BPD e em fase de op\u00e7\u00e3o e dos participantes assistidos no Conselho Deliberativo, no Conselho Fiscal e nos Comit\u00eas de Planos.<\/p>\n<p>A Confedera\u00e7\u00e3o Nacional dos Trabalhadores do Ramo Financeiro (Contraf-CUT) apoia a \u201cChapa 1 \u2013 Funda\u00e7\u00e3o para todos, o futuro \u00e9 nosso\u201d.\u00a0 Para Jair Alves, coordenador da Comiss\u00e3o de Organiza\u00e7\u00e3o dos Empregados (COE) do Ita\u00fa, este apoio \u00e9 fundamental para conferir mais for\u00e7a e autoridade aos representantes na gest\u00e3o do fundo de pens\u00e3o. \u201cA parceria entre nossos representantes e as entidades sindicais \u00e9 ainda uma garantia de que os dirigentes eleitos da Funda\u00e7\u00e3o Ita\u00fa-Unibanco e dos Comit\u00eas de Gest\u00e3o dos planos atuar\u00e3o em defesa dos interesses dos participantes e dos trabalhadores\u201d. Jair lembra que a Contraf-CUT preparou um material de apoio, que est\u00e1 dispon\u00edvel para download na \u00e1rea de acesso restrito do site.<\/p>\n<p>A amplia\u00e7\u00e3o da representa\u00e7\u00e3o dos participantes nos Conselhos e cria\u00e7\u00e3o dos Comit\u00eas de Gest\u00e3o por grupos de plano \u00e9 uma conquista dos funcion\u00e1rios do Ita\u00fa-Unibanco, depois de muita negocia\u00e7\u00e3o e muitas lutas. O movimento sindical sempre teve a convic\u00e7\u00e3o de que podia melhorar a Funda\u00e7\u00e3o Ita\u00fa-Unibanco, aumentando a fiscaliza\u00e7\u00e3o, ampliando a representa\u00e7\u00e3o dos participantes e conquistando melhorias cont\u00ednuas nos planos.<\/p>\n<p>\u201c\u00c9 o nosso futuro que est\u00e1 em jogo, portanto temos que ficar atentos ao novo calend\u00e1rio e \u00e0s regras do processo que ser\u00e1 de maneira virtual. Como houve altera\u00e7\u00e3o na forma de vota\u00e7\u00e3o, chamamos a aten\u00e7\u00e3o do participante, para que ele possa ter tempo h\u00e1bil para cadastrar sua senha junto \u00e0 Funda\u00e7\u00e3o Ita\u00fa Unibanco, caso ainda n\u00e3o tenha uma senha\u201d, ressaltou a dirigente da Fetec-CUT\/SP Erica Godoy, atual conselheira deliberativa da Funda\u00e7\u00e3o.<\/p>\n<p>Poder\u00e3o votar os banc\u00e1rios ativos e assistidos, que sejam participantes da Funda\u00e7\u00e3o Ita\u00fa e estejam alocados em um plano. Cada eleitor poder\u00e1 votar apenas uma vez, independentemente do n\u00famero de benef\u00edcios que receba da Funda\u00e7\u00e3o.\u00a0 Para a vota\u00e7\u00e3o nos conselhos, o participante vota na chapa. J\u00e1 para a elei\u00e7\u00e3o dos Comit\u00eas de Gest\u00e3o de Planos, o voto \u00e9 individual.<\/p>\n<p>A vota\u00e7\u00e3o ser\u00e1 virtual, somente pelo site: www.fundacaoitauunibanco.com.br, com o participante utilizando sua senha cadastrada junto \u00e0 Funda\u00e7\u00e3o. A apura\u00e7\u00e3o ser\u00e1 dia 13 de maio e a divulga\u00e7\u00e3o dos eleitos entre os dias 14 e 17 de maio.<\/p>\n<p>Em caso de d\u00favidas, ligue para os telefones da Funda\u00e7\u00e3o: Capitais e regi\u00f5es metropolitanas 4002-1299; demais localidades 0800 770 2299; deficientes auditivos ou de fala 0800 770 2399.<\/p>\n<h3>Chapa 1 \u2013 Funda\u00e7\u00e3o para todos, o futuro \u00e9 nosso<\/h3>\n<p><strong>Confira, abaixo, a composi\u00e7\u00e3o da Chapa 1:<\/strong><\/p>\n<p>Para o Conselho Deliberativo: Carlos Damarindo (diretor do Sindicato dos Banc\u00e1rios de S\u00e3o Paulo) e Mauri S\u00e9rgio (efetivos); e Erica Godoy e Kelly Fernanda, como suplentes.<br \/>Para o Conselho Fiscal: Onisio Paulo Machado e Liliane Oliveira (efetivos); e na supl\u00eancia por Adriano Campos Rodrigues e Antonio Augusto B de Borges.<\/p>\n<p><strong>Os candidatos aos Comit\u00eas de Gest\u00e3o dos Planos da Chapa 1 s\u00e3o:<\/strong><\/p>\n<p>Ativos: Marcelo Abra\u00e3o (PAC 3); Jos\u00e9 Geraldo Martins (Prebeg); Maikon Azzi (Futuro Inteligente e Itaubank-Ativos); Marco Antonio Pereira (Itaubanco CD \u2013 Ativos); Denia Almeida (Itaulan, Franprev, outros)<\/p>\n<p>Assistidos: Maria Helena Francisco (Itaubanco CD); Roberto Alvez de Souza (Itaucard); Clarice Torquato (Futuro Inteligente); Carlos Gouveia, o Carlinhos (Pac).<\/p>\n<p>Para a vota\u00e7\u00e3o nos conselhos, o participante vota na chapa. J\u00e1 para a elei\u00e7\u00e3o dos Comit\u00eas de Gest\u00e3o de Planos, o voto \u00e9 individual. Os candidatos formam uma chapa ampla, com representantes de v\u00e1rias regi\u00f5es do pa\u00eds.<\/p>\n<h4>Veja as principais propostas da Chapa 1<\/h4>\n<ul>\n<li>Previd\u00eancia para todos: queremos um fundo de pens\u00e3o privado fechado para todos os funcion\u00e1rios que ainda n\u00e3o possuem um plano de previd\u00eancia fechada.<\/li>\n<li>Para aproximadamente 21 mil participantes do plano Itaubanco CD, debater sobre a distribui\u00e7\u00e3o de saldo excedente em 2020 do fundo previdencial.<\/li>\n<li>Criar alternativas para os participantes do Franprev num modelo semelhante ao Itaubanco CD.<\/li>\n<li>Queremos que os participantes tenham direito a uma vaga na diretoria da Funda\u00e7\u00e3o.<\/li>\n<li>Queremos, no Futuro Inteligente, fazer revis\u00e3o das condi\u00e7\u00f5es atuais do plano, introduzindo o Benef\u00edcio M\u00ednimo e an\u00e1lise do valor da UP.<\/li>\n<li>Reabertura da migra\u00e7\u00e3o do PAC para o Itaubanco CD.<\/li>\n<li>IJMS \u2013 mais transpar\u00eancia.<\/li>\n<\/ul>\n<p><span style=\"text-decoration: underline;\"><strong>Fonte: Contraf-CUT<\/strong><\/span><\/p>\n","protected":false},"excerpt":{"rendered":"<p>As elei\u00e7\u00f5es da Funda\u00e7\u00e3o Ita\u00fa come\u00e7am na pr\u00f3xima quarta-feira (5), por voto digital. At\u00e9 o 13 de maio, os banc\u00e1rios ativos e assistidos poder\u00e3o escolher os representantes dos participantes ativos, autopatrocinados, optantes pelo BPD e em fase de op\u00e7\u00e3o e dos participantes assistidos no Conselho Deliberativo, no Conselho Fiscal e nos Comit\u00eas de Planos. A [&hellip;]<\/p>\n","protected":false},"author":2,"featured_media":10845,"comment_status":"","ping_status":"","sticky":false,"template":"","format":"standard","meta":{"footnotes":""},"categories":[3],"tags":[],"class_list":["post-10846","post","type-post","status-publish","format-standard","has-post-thumbnail","hentry","category-noticias"],"_links":{"self":[{"href":"https:\/\/hostnetart.com.br\/baixada\/wp-json\/wp\/v2\/posts\/10846","targetHints":{"allow":["GET"]}}],"collection":[{"href":"https:\/\/hostnetart.com.br\/baixada\/wp-json\/wp\/v2\/posts"}],"about":[{"href":"https:\/\/hostnetart.com.br\/baixada\/wp-json\/wp\/v2\/types\/post"}],"author":[{"embeddable":true,"href":"https:\/\/hostnetart.com.br\/baixada\/wp-json\/wp\/v2\/users\/2"}],"replies":[{"embeddable":true,"href":"https:\/\/hostnetart.com.br\/baixada\/wp-json\/wp\/v2\/comments?post=10846"}],"version-history":[{"count":0,"href":"https:\/\/hostnetart.com.br\/baixada\/wp-json\/wp\/v2\/posts\/10846\/revisions"}],"wp:featuredmedia":[{"embeddable":true,"href":"https:\/\/hostnetart.com.br\/baixada\/wp-json\/wp\/v2\/media\/10845"}],"wp:attachment":[{"href":"https:\/\/hostnetart.com.br\/baixada\/wp-json\/wp\/v2\/media?parent=10846"}],"wp:term":[{"taxonomy":"category","embeddable":true,"href":"https:\/\/hostnetart.com.br\/baixada\/wp-json\/wp\/v2\/categories?post=10846"},{"taxonomy":"post_tag","embeddable":true,"href":"https:\/\/hostnetart.com.br\/baixada\/wp-json\/wp\/v2\/tags?post=10846"}],"curies":[{"name":"wp","href":"https:\/\/api.w.org\/{rel}","templated":true}]}}