{"id":10842,"date":"2021-04-28T17:57:53","date_gmt":"2021-04-28T20:57:53","guid":{"rendered":"https:\/\/hostnetart.com.br\/baixada\/contraf-cut-intensifica-campanha-de-solidariedade\/"},"modified":"2021-04-28T17:57:53","modified_gmt":"2021-04-28T20:57:53","slug":"contraf-cut-intensifica-campanha-de-solidariedade","status":"publish","type":"post","link":"https:\/\/hostnetart.com.br\/baixada\/contraf-cut-intensifica-campanha-de-solidariedade\/","title":{"rendered":"Contraf-CUT intensifica campanha de solidariedade"},"content":{"rendered":"<p>A diretoria executiva da Confedera\u00e7\u00e3o Nacional dos Trabalhadores do Ramo Financeiro (Contraf-CUT) decidiu intensificar as a\u00e7\u00f5es da Campanha Sindicato Solid\u00e1rio, para dar apoio \u00e0 parcela mais desassistida da popula\u00e7\u00e3o, com o agravamento da crise econ\u00f4mica e da pandemia. Ser\u00e3o retomados os contatos com sindicatos e federa\u00e7\u00f5es e incentivadas novas iniciativas.<\/p>\n<p>\u201cA cada dia, aumenta o ex\u00e9rcito de miser\u00e1veis, vivendo literalmente nas ruas das cidades. S\u00e3o abandonados pelo governo Bolsonaro que n\u00e3o d\u00e1 um aux\u00edlio emergencial decente, n\u00e3o socorre as pequenas e m\u00e9dias empresas para defender os empregos e promove um verdadeiro caos no combate \u00e0 pandemia. Cabe \u00e0s organiza\u00e7\u00f5es e entidades da classe trabalhadora desempenhar esse papel, pelo menos oferecendo um m\u00ednimo para a sobreviv\u00eancias dessas pessoas\u201d, afirmou explicou Almir Aguiar, membro da Executiva da Contraf-CUT e secret\u00e1rio de Combate ao Racismo da entidade.<\/p>\n<p><strong>Desemprego<\/strong><\/p>\n<p>De acordo com dados do Instituto Brasileiro de Geografia e Estat\u00edstica (IBGE), o desemprego no pa\u00eds \u00e9 de 14,2% e atinge 14,3 milh\u00f5es de pessoas. Um dos efeitos do aumento da mis\u00e9ria no pa\u00eds \u00e9 o crescimento da popula\u00e7\u00e3o de pessoas em situa\u00e7\u00e3o de rua. De acordo com o Instituto de Pesquisa Econ\u00f4mica Aplicada (Ipea), o n\u00famero de pessoas em situa\u00e7\u00e3o de rua no Brasil cresceu 140% entre 2012 e mar\u00e7o de 2020, chegando a quase 222 mil pessoas.<\/p>\n<p>\u201cCom pessoas passando fome, morando nas ruas, com o desemprego crescendo a cada m\u00eas, o movimento sindical precisa mostrar que a solidariedade \u00e9 fundamental nesse momento e que falta atitude do governo Bolsonaro. Nossa luta em defesa da classe trabalhadora passa tamb\u00e9m pelo olhar humano e solid\u00e1rio t\u00e3o necess\u00e1rio nessa hora\u201d, ressaltou Rosalina Amorim, secret\u00e1ria de Pol\u00edticas Sociais da Contraf-CUT.<\/p>\n<p><strong>Federa\u00e7\u00f5es e sindicatos<\/strong><\/p>\n<p>A Campanha Sindicato Solid\u00e1rio surgiu no ano passado, ainda no come\u00e7o da pandemia do coronav\u00edrus. In\u00fameras a\u00e7\u00f5es de solidariedade movimentaram a rede de sindicatos e federa\u00e7\u00f5es ligados \u00e0 Contraf-CUT. \u201cVamos intensificar o contato com as federa\u00e7\u00f5es e com os sindicatos. Aqui, em Minas, estamos com uma campanha de solidariedade em atividade. Queremos juntar os esfor\u00e7os que surgem em todo o Pa\u00eds para termos um resultado muito maior\u201d, declarou Magaly Fagundes, a presidenta da Federa\u00e7\u00e3o dos Trabalhadores do Ramo Financeiro de Minas Gerais (Fetrafi-MG) e tamb\u00e9m integrante da executiva da Contraf-CUT. Magaly e outros dirigentes da Contraf-CUT v\u00e3o entrar em contato com sindicatos e federa\u00e7\u00f5es para implementar a segunda fase da campanha.<\/p>\n<p>Para a segunda fase da mobiliza\u00e7\u00e3o, a Contraf-CUT disponibilizou \u00e0s federa\u00e7\u00f5es e sindicatos as artes de camisetas e m\u00e1scaras com a logomarca da campanha Sindicato Solid\u00e1rio. Os materiais podem servir para a venda e arrecada\u00e7\u00e3o de fundos para o aux\u00edlio \u00e0s popula\u00e7\u00f5es carentes. Iniciativas de apoio acontecem em todo o pa\u00eds. Um exemplo foi a campanha Sindicato Solid\u00e1rio desenvolvida pelo SEEB de Jundia\u00ed, no Interior de S\u00e3o Paulo, que est\u00e1 arrecadando g\u00eaneros aliment\u00edcios para entidades da regi\u00e3o (veja imagem acima). Para ter mais informa\u00e7\u00f5es campanha Sindicato Solid\u00e1rio e conhecer a lista de entidades, clique\u00a0<a href=\"https:\/\/sindicatosolidario.com\/\">aqui<\/a>.<\/p>\n<p><strong>Fonte: Contraf-CUT<\/strong><\/p>\n","protected":false},"excerpt":{"rendered":"<p>A diretoria executiva da Confedera\u00e7\u00e3o Nacional dos Trabalhadores do Ramo Financeiro (Contraf-CUT) decidiu intensificar as a\u00e7\u00f5es da Campanha Sindicato Solid\u00e1rio, para dar apoio \u00e0 parcela mais desassistida da popula\u00e7\u00e3o, com o agravamento da crise econ\u00f4mica e da pandemia. Ser\u00e3o retomados os contatos com sindicatos e federa\u00e7\u00f5es e incentivadas novas iniciativas. \u201cA cada dia, aumenta o [&hellip;]<\/p>\n","protected":false},"author":2,"featured_media":10841,"comment_status":"","ping_status":"","sticky":false,"template":"","format":"standard","meta":{"footnotes":""},"categories":[3],"tags":[],"class_list":["post-10842","post","type-post","status-publish","format-standard","has-post-thumbnail","hentry","category-noticias"],"_links":{"self":[{"href":"https:\/\/hostnetart.com.br\/baixada\/wp-json\/wp\/v2\/posts\/10842","targetHints":{"allow":["GET"]}}],"collection":[{"href":"https:\/\/hostnetart.com.br\/baixada\/wp-json\/wp\/v2\/posts"}],"about":[{"href":"https:\/\/hostnetart.com.br\/baixada\/wp-json\/wp\/v2\/types\/post"}],"author":[{"embeddable":true,"href":"https:\/\/hostnetart.com.br\/baixada\/wp-json\/wp\/v2\/users\/2"}],"replies":[{"embeddable":true,"href":"https:\/\/hostnetart.com.br\/baixada\/wp-json\/wp\/v2\/comments?post=10842"}],"version-history":[{"count":0,"href":"https:\/\/hostnetart.com.br\/baixada\/wp-json\/wp\/v2\/posts\/10842\/revisions"}],"wp:featuredmedia":[{"embeddable":true,"href":"https:\/\/hostnetart.com.br\/baixada\/wp-json\/wp\/v2\/media\/10841"}],"wp:attachment":[{"href":"https:\/\/hostnetart.com.br\/baixada\/wp-json\/wp\/v2\/media?parent=10842"}],"wp:term":[{"taxonomy":"category","embeddable":true,"href":"https:\/\/hostnetart.com.br\/baixada\/wp-json\/wp\/v2\/categories?post=10842"},{"taxonomy":"post_tag","embeddable":true,"href":"https:\/\/hostnetart.com.br\/baixada\/wp-json\/wp\/v2\/tags?post=10842"}],"curies":[{"name":"wp","href":"https:\/\/api.w.org\/{rel}","templated":true}]}}