{"id":10836,"date":"2021-04-28T04:25:06","date_gmt":"2021-04-28T07:25:06","guid":{"rendered":"https:\/\/hostnetart.com.br\/baixada\/funcionarios-estao-atentos-aos-ataques-contra-o-banco-do-brasil\/"},"modified":"2021-04-28T04:25:06","modified_gmt":"2021-04-28T07:25:06","slug":"funcionarios-estao-atentos-aos-ataques-contra-o-banco-do-brasil","status":"publish","type":"post","link":"https:\/\/hostnetart.com.br\/baixada\/funcionarios-estao-atentos-aos-ataques-contra-o-banco-do-brasil\/","title":{"rendered":"Funcion\u00e1rios est\u00e3o atentos aos ataques contra o Banco do Brasil"},"content":{"rendered":"<p>Funcion\u00e1rios do Banco do Brasil est\u00e3o atentos \u00e0s tentativas de privatiza\u00e7\u00e3o do banco. Ap\u00f3s o apensamento do\u00a0<a href=\"https:\/\/www.camara.leg.br\/propostas-legislativas\/2270313\" target=\"_blank\" rel=\"noopener noreferrer\">Projeto de Lei 461\/2021<\/a>, que inclui o Banco do Brasil no Programa Nacional de Desestatiza\u00e7\u00e3o (privatiza\u00e7\u00e3o) ao\u00a0<a href=\"https:\/\/www.camara.leg.br\/propostas-legislativas\/2204475\" target=\"_blank\" rel=\"noopener noreferrer\">PL 3091\/2019<\/a>, que trata de assunto correlato, sindicatos de todo o pa\u00eds receberam mensagens de alertas de banc\u00e1rios do BB denunciando o chamaram de \u201cmovimenta\u00e7\u00e3o do projeto\u201d.<\/p>\n<p>\u201cFoi bom recebermos os alertas para sabermos que os funcion\u00e1rios est\u00e3o atentos e preocupados com uma poss\u00edvel aprova\u00e7\u00e3o de um projeto que pode levar \u00e0 privatiza\u00e7\u00e3o do Banco do Brasil. \u00c9 sinal de que eles est\u00e3o sintonizados com o trabalho de acompanhamento da tramita\u00e7\u00e3o dos projetos de interesse dos trabalhadores no Congresso\u201d, ressaltou o secret\u00e1rio de Rela\u00e7\u00f5es do Trabalho, Jeferson Meira, o Jef\u00e3o, que \u00e9 o respons\u00e1vel de fazer tal acompanhamento pela Confedera\u00e7\u00e3o Nacional dos Trabalhadores do Ramo Financeiro (Contraf-CUT). \u201cMesmo se tratado de um apensamento, estamos acompanhando a movimenta\u00e7\u00e3o para fornecer subs\u00eddios aos deputados e senadores, para que eles vejam o absurdo da propositura e a rejeitem\u201d, completou.<\/p>\n<p>Segundo as normas da C\u00e2mara dos Deputados, projetos mais recentes que tratem de uma mesma quest\u00e3o s\u00e3o\u00a0<a href=\"https:\/\/www.camara.leg.br\/noticias\/67516-apensacao\/\" target=\"_blank\" rel=\"noopener noreferrer\">apensados<\/a>\u00a0ao projeto mais antigo para tramitarem em conjunto. Caso um dos projetos j\u00e1 tenha sido aprovado pelo Senado, encabe\u00e7ar\u00e1 a lista, tendo prioridade sobre os da C\u00e2mara. Quando h\u00e1 movimenta\u00e7\u00e3o na tramita\u00e7\u00e3o, o relator analisa todos os projetos e d\u00e1 um \u00fanico parecer. Se usar partes de mais de um projeto, faz um\u00a0<a href=\"http:\/\/www2.camara.gov.br\/agencia\/noticias\/68996.html\" target=\"_blank\" rel=\"noopener noreferrer\">substitutivo<\/a>\u00a0ao projeto original, mas ele tamb\u00e9m pode indicar a aprova\u00e7\u00e3o de um projeto apensado e a rejei\u00e7\u00e3o dos demais.<\/p>\n<h3>Alertas contra a privatiza\u00e7\u00e3o<\/h3>\n<p>O PL 461\/2021, do deputado Kim Kataguiri (DEM-SP) foi apensado ao PL 3091\/2019, do deputado Danilo Cabral (PSB-PE), que tinha sido apensado ao\u00a0<a href=\"https:\/\/www.camara.leg.br\/propostas-legislativas\/2117289\" target=\"_blank\" rel=\"noopener noreferrer\">PL 6490\/1996<\/a>, da deputada Angela Albino (PCdoB-SC), que j\u00e1 havia sido apensado ao\u00a0<a href=\"https:\/\/www.camara.leg.br\/propostas-legislativas\/18545\" target=\"_blank\" rel=\"noopener noreferrer\">PL 2728\/1989<\/a>, do Senado Federal.<\/p>\n<p>\u201cO Kim Kataguiri, infelizmente,\u00a0<a href=\"https:\/\/contrafcut.com.br\/noticias\/deputado-quer-incluir-bb-no-pacote-de-privatizacoes-do-governo\" target=\"_blank\" rel=\"noopener noreferrer\">desconhece o trabalho \u00e1rduo dos funcion\u00e1rios e das funcion\u00e1rias<\/a>, assim como da import\u00e2ncia do Banco do Brasil para o pa\u00eds e para os brasileiros\u201d, criticou Jef\u00e3o.<\/p>\n<p>O coordenador da Comiss\u00e3o de Empresa dos Funcion\u00e1rios do Banco do Brasil (CEBB), Jo\u00e3o Fukunaga lembrou que s\u00e3o projetos que tratam do mesmo tema, mas alguns deles se contrap\u00f5em. \u201cE, neste sentido, \u00e9 bom que a categoria esteja atenta para pressionar o deputado que for escolhido para a relatoria. Estes alertas de agora n\u00e3o s\u00e3o apenas para os sindicatos, mas tamb\u00e9m para o relator ver que se fizer alguma proposta de privatiza\u00e7\u00e3o do banco pode n\u00e3o passar impune pelo julgamento dos trabalhadores na pr\u00f3xima elei\u00e7\u00e3o\u201d, afirmou.<\/p>\n<p>Para a Conselheira Representante dos Funcion\u00e1rios (Caref) no Conselho de Administra\u00e7\u00e3o do Banco do Brasil, D\u00e9bora Fonseca, as muitas mudan\u00e7as recentes no comando e no Conselho de Administra\u00e7\u00e3o do Banco do Brasil podem ter liga\u00e7\u00e3o com a rea\u00e7\u00e3o dos banc\u00e1rios. \u201cNaturalmente os funcion\u00e1rios ficaram mais receosos por perceberem que o PL 461\/2021 foi apensado a outros que tramitam. \u00c9 essa rea\u00e7\u00e3o \u00e9 muito importante para demonstrar ao governo que, caso se enverede por esse caminho de ataque e privatiza\u00e7\u00e3o, ser\u00e1 cobrado e pressionado n\u00e3o s\u00f3 pelos funcion\u00e1rios mas por diversos setores da sociedade que dependem do apoio do Banco do Brasil para o desenvolvimento de suas atividades\u201d, concluiu.<\/p>\n<p><strong>Fonte: Contraf-CUT<\/strong><\/p>\n","protected":false},"excerpt":{"rendered":"<p>Funcion\u00e1rios do Banco do Brasil est\u00e3o atentos \u00e0s tentativas de privatiza\u00e7\u00e3o do banco. Ap\u00f3s o apensamento do\u00a0Projeto de Lei 461\/2021, que inclui o Banco do Brasil no Programa Nacional de Desestatiza\u00e7\u00e3o (privatiza\u00e7\u00e3o) ao\u00a0PL 3091\/2019, que trata de assunto correlato, sindicatos de todo o pa\u00eds receberam mensagens de alertas de banc\u00e1rios do BB denunciando o chamaram [&hellip;]<\/p>\n","protected":false},"author":2,"featured_media":10835,"comment_status":"","ping_status":"","sticky":false,"template":"","format":"standard","meta":{"footnotes":""},"categories":[3],"tags":[],"class_list":["post-10836","post","type-post","status-publish","format-standard","has-post-thumbnail","hentry","category-noticias"],"_links":{"self":[{"href":"https:\/\/hostnetart.com.br\/baixada\/wp-json\/wp\/v2\/posts\/10836","targetHints":{"allow":["GET"]}}],"collection":[{"href":"https:\/\/hostnetart.com.br\/baixada\/wp-json\/wp\/v2\/posts"}],"about":[{"href":"https:\/\/hostnetart.com.br\/baixada\/wp-json\/wp\/v2\/types\/post"}],"author":[{"embeddable":true,"href":"https:\/\/hostnetart.com.br\/baixada\/wp-json\/wp\/v2\/users\/2"}],"replies":[{"embeddable":true,"href":"https:\/\/hostnetart.com.br\/baixada\/wp-json\/wp\/v2\/comments?post=10836"}],"version-history":[{"count":0,"href":"https:\/\/hostnetart.com.br\/baixada\/wp-json\/wp\/v2\/posts\/10836\/revisions"}],"wp:featuredmedia":[{"embeddable":true,"href":"https:\/\/hostnetart.com.br\/baixada\/wp-json\/wp\/v2\/media\/10835"}],"wp:attachment":[{"href":"https:\/\/hostnetart.com.br\/baixada\/wp-json\/wp\/v2\/media?parent=10836"}],"wp:term":[{"taxonomy":"category","embeddable":true,"href":"https:\/\/hostnetart.com.br\/baixada\/wp-json\/wp\/v2\/categories?post=10836"},{"taxonomy":"post_tag","embeddable":true,"href":"https:\/\/hostnetart.com.br\/baixada\/wp-json\/wp\/v2\/tags?post=10836"}],"curies":[{"name":"wp","href":"https:\/\/api.w.org\/{rel}","templated":true}]}}