{"id":10834,"date":"2021-04-28T04:24:24","date_gmt":"2021-04-28T07:24:24","guid":{"rendered":"https:\/\/hostnetart.com.br\/baixada\/empregados-da-caixa-sao-destaque-em-todo-o-brasil\/"},"modified":"2021-04-28T04:24:24","modified_gmt":"2021-04-28T07:24:24","slug":"empregados-da-caixa-sao-destaque-em-todo-o-brasil","status":"publish","type":"post","link":"https:\/\/hostnetart.com.br\/baixada\/empregados-da-caixa-sao-destaque-em-todo-o-brasil\/","title":{"rendered":"Empregados da Caixa s\u00e3o destaque em todo o Brasil"},"content":{"rendered":"<p>\u201cO dia do basta foi um sucesso. O nosso recado foi dado e ouvido por todos. Basta do desmonte da Caixa, da falta de empregados, da precariza\u00e7\u00e3o na prote\u00e7\u00e3o contra a Covid-19, da falta de vacinas, do ass\u00e9dio moral, do desrespeito ao negociado, \u00e0 jornada e da sobrecarga de trabalho, entre tantas pr\u00e1ticas da Caixa que desrespeitam dos trabalhadores\u201d, declarou Fabiana Uehara Proscholdt, coordenadora da Comiss\u00e3o Executiva dos Empregados (CEE) da Caixa e secret\u00e1ria da Cultura da Confedera\u00e7\u00e3o Nacional dos Trabalhadores do Ramo Financeiro (Contraf-CUT).<\/p>\n<p><a href=\"https:\/\/contrafcut.com.br\/fotos\/dia-do-basta\/?swcfpc=1\" target=\"_blank\" rel=\"noopener noreferrer\">Clique aqui e veja as imagens do dia<\/a>.<\/p>\n<p>Antes mesmo do dia come\u00e7ar, a Caixa ingressou, na noite de segunda-feira (26), com um pedido de tutela cautelar alegando que a paralisa\u00e7\u00e3o dos empregados \u00e9 abusiva, com cunho pol\u00edtico e ideol\u00f3gico. No entanto, o juiz do Tribunal Superior do Trabalho (TST), Maur\u00edcio Jos\u00e9 Godinho, indeferiu o pedido da Caixa e determinou que apenas os servi\u00e7os de compensa\u00e7\u00e3o banc\u00e1ria e o pagamento do aux\u00edlio emergencial devem ser realizados, garantindo o direito de greve de 40% dos trabalhadores.<\/p>\n<p>\u201cA Contraf-CUT acatou a determina\u00e7\u00e3o do Tribunal Superior do Trabalho. A dire\u00e7\u00e3o da Caixa e o governo Bolsonaro tentam fragilizar o banco, que \u00e9 p\u00fablico, al\u00e9m de n\u00e3o cumprir o acordo coletivo. Est\u00e3o entregando ao mercado financeiro o setor mais estrat\u00e9gico, respons\u00e1vel por 45% do lucro do banco. Tentaram impedir a manifesta\u00e7\u00e3o dos funcion\u00e1rios e acabaram dando um tiro no pr\u00f3prio p\u00e9, pois a decis\u00e3o da Justi\u00e7a reconheceu a legalidade da greve e que cumprimos a formalidade para fazer a paralisa\u00e7\u00e3o. Acabou divulgando ainda mais nossa luta, que \u00e9 justa\u201d, afirmou Juvandia Moreira, presidenta da Contraf-CUT.<\/p>\n<p>O Dia do Basta, como foi batizado pela categoria, \u00e9 uma resposta aos ataques que a institui\u00e7\u00e3o e seus trabalhadores v\u00eam sofrendo do governo Bolsonaro. Um desses ataques \u00e9 a abertura de capital da Caixa Seguridade, na quinta-feira (29). Os recursos obtidos com a venda da Caixa Seguridade ser\u00e3o devolvidos ao Tesouro Nacional, por meio dos Instrumentos H\u00edbridos de Capital e D\u00edvida (IHCDs).<\/p>\n<h3>PLR Social a menor<\/h3>\n<p>Outro motivo da paralisa\u00e7\u00e3o \u00e9 o pagamento a menor da PLR Social, sem comunicar os empregados. A Caixa fez o pagamento com base na divis\u00e3o linear entre todos os empregados de apenas 3% do lucro l\u00edquido, e n\u00e3o de 4%, como determina o Acordo Coletivo de Trabalho (ACT) vigente. A mudan\u00e7a no c\u00e1lculo foi identificada pelo Departamento Intersindical de Estat\u00edstica Estudos e Socioecon\u00f4micos (Dieese). Desde a concep\u00e7\u00e3o da PLR Social, em 2010, s\u00e3o distribu\u00eddos 4%. \u201cA PLR Social \u00e9 uma conquista dos empregados justamente pelo servi\u00e7o social que o banco realiza e que n\u00e3o tem como ser mensurado como ganho quando se compara com os outros bancos. Os empregados atenderam mais da metade da popula\u00e7\u00e3o brasileira, n\u00e3o tem justificativa a dire\u00e7\u00e3o da Caixa rebaixar o valor que \u00e9 mais do que devido pelo trabalho realizado\u201d, lembrou a coordenadora da CEE\/Caixa.<\/p>\n<p>O estado de greve e a paralisa\u00e7\u00e3o tamb\u00e9m foram deflagrados, na semana passada, para cobrar melhores condi\u00e7\u00f5es de trabalho e de atendimento \u00e0 popula\u00e7\u00e3o, por meio de mais contrata\u00e7\u00f5es, prote\u00e7\u00e3o contra a Covid-19 e vacina\u00e7\u00e3o priorit\u00e1ria para os empregados do banco. \u201cExistem aglomera\u00e7\u00f5es nas ag\u00eancias e a vacina\u00e7\u00e3o \u00e9 uma quest\u00e3o sanit\u00e1ria. Al\u00e9m disso, o servi\u00e7o banc\u00e1rio \u00e9 um servi\u00e7o essencial que n\u00e3o parou desde o come\u00e7o da pandemia\u201d, lembrou Fabiana.<\/p>\n<p>Para se protegerem e evitar o cont\u00e1gio de clientes, os empregados pedem que a dire\u00e7\u00e3o da Caixa negocie com o Governo Federal a prioridade no Plano Nacional de Imuniza\u00e7\u00e3o. \u201cOs empregados da Caixa s\u00e3o os que mais sofrem risco de contamina\u00e7\u00e3o pelo novo coronav\u00edrus, porque \u00e9 o \u00fanico banco que realiza o pagamento do Aux\u00edlio Emergencial, al\u00e9m de todas as outras pol\u00edticas p\u00fablicas e emergenciais que ajudam a popula\u00e7\u00e3o a enfrentar a crise\u201d, lembrou Edson Heemann, membro da CEE\/Caixa.<\/p>\n<p>Para piorar, enquanto na maioria dos outros bancos a vacina\u00e7\u00e3o contra a H1N1 j\u00e1 come\u00e7ou, a Caixa sequer informou quando come\u00e7a a vacina\u00e7\u00e3o de seus empregados. \u201cNas lives em que participa, o presidente Pedro Guimar\u00e3es gosta de enfatizar que valoriza os empregados da Caixa. Ent\u00e3o essa \u00e9 uma boa hora para sair do discurso e colocar em pr\u00e1tica n\u00e3o s\u00f3 a valoriza\u00e7\u00e3o, mas o respeito aos empregados que atuam na linha de frente desde o in\u00edcio dessa pandemia\u201d, completou Heemann.<\/p>\n<p><strong>Fonte: Contraf-CUT<\/strong><\/p>\n","protected":false},"excerpt":{"rendered":"<p>\u201cO dia do basta foi um sucesso. O nosso recado foi dado e ouvido por todos. Basta do desmonte da Caixa, da falta de empregados, da precariza\u00e7\u00e3o na prote\u00e7\u00e3o contra a Covid-19, da falta de vacinas, do ass\u00e9dio moral, do desrespeito ao negociado, \u00e0 jornada e da sobrecarga de trabalho, entre tantas pr\u00e1ticas da Caixa [&hellip;]<\/p>\n","protected":false},"author":2,"featured_media":10833,"comment_status":"","ping_status":"","sticky":false,"template":"","format":"standard","meta":{"footnotes":""},"categories":[3],"tags":[],"class_list":["post-10834","post","type-post","status-publish","format-standard","has-post-thumbnail","hentry","category-noticias"],"_links":{"self":[{"href":"https:\/\/hostnetart.com.br\/baixada\/wp-json\/wp\/v2\/posts\/10834","targetHints":{"allow":["GET"]}}],"collection":[{"href":"https:\/\/hostnetart.com.br\/baixada\/wp-json\/wp\/v2\/posts"}],"about":[{"href":"https:\/\/hostnetart.com.br\/baixada\/wp-json\/wp\/v2\/types\/post"}],"author":[{"embeddable":true,"href":"https:\/\/hostnetart.com.br\/baixada\/wp-json\/wp\/v2\/users\/2"}],"replies":[{"embeddable":true,"href":"https:\/\/hostnetart.com.br\/baixada\/wp-json\/wp\/v2\/comments?post=10834"}],"version-history":[{"count":0,"href":"https:\/\/hostnetart.com.br\/baixada\/wp-json\/wp\/v2\/posts\/10834\/revisions"}],"wp:featuredmedia":[{"embeddable":true,"href":"https:\/\/hostnetart.com.br\/baixada\/wp-json\/wp\/v2\/media\/10833"}],"wp:attachment":[{"href":"https:\/\/hostnetart.com.br\/baixada\/wp-json\/wp\/v2\/media?parent=10834"}],"wp:term":[{"taxonomy":"category","embeddable":true,"href":"https:\/\/hostnetart.com.br\/baixada\/wp-json\/wp\/v2\/categories?post=10834"},{"taxonomy":"post_tag","embeddable":true,"href":"https:\/\/hostnetart.com.br\/baixada\/wp-json\/wp\/v2\/tags?post=10834"}],"curies":[{"name":"wp","href":"https:\/\/api.w.org\/{rel}","templated":true}]}}