{"id":10832,"date":"2021-04-27T19:49:54","date_gmt":"2021-04-27T22:49:54","guid":{"rendered":"https:\/\/hostnetart.com.br\/baixada\/sindicato-dos-bancarios-da-baixada-fluminense-reintegra-mais-um-bancario-do-bradesco-2\/"},"modified":"2021-04-27T19:49:54","modified_gmt":"2021-04-27T22:49:54","slug":"sindicato-dos-bancarios-da-baixada-fluminense-reintegra-mais-um-bancario-do-bradesco-2","status":"publish","type":"post","link":"https:\/\/hostnetart.com.br\/baixada\/sindicato-dos-bancarios-da-baixada-fluminense-reintegra-mais-um-bancario-do-bradesco-2\/","title":{"rendered":"Sindicato dos Banc\u00e1rios da Baixada Fluminense reintegra mais um banc\u00e1rio do Bradesco"},"content":{"rendered":"<div>\n<p>Nesta ter\u00e7a-feira, dia 27 de abril, mais um banc\u00e1rio do Banco Bradesco foi reintegrado pelo Sindicato dos Banc\u00e1rios da Baixada Fluminense.<\/p>\n<p>O banc\u00e1rio\u00a0Antonio Carlos de Ara\u00fajo Vasconcellos, da ag\u00eancia de Queimados, foi reintegrado \u00e0s suas fun\u00e7\u00f5es atrav\u00e9s dos\u00a0Departamentos Jur\u00eddico e de Sa\u00fade do Sindicato, reparando mais uma injusti\u00e7a ocorrida em plena pandemia do novo coronav\u00edrus.<\/p>\n<p>A decis\u00e3o foi da\u00a01a Vara do Trabalho de\u00a0Queimados.<\/p>\n<p><span style=\"text-decoration: underline;\">ENTENDA O CASO<\/span><\/p>\n<\/div>\n<div>Contrariando um compromisso firmado com a categoria banc\u00e1ria de n\u00e3o demitir durante a pandemia, os bancos n\u00e3o vem cumprindo este acordo e est\u00e3o demitindo.\u00a0<\/div>\n<div>\u00a0<\/div>\n<div>Logo ap\u00f3s sua demiss\u00e3o, Antonio Carlos procurou o\u00a0Sindicato dos Banc\u00e1rios da Baixada Fluminense, sendo atendido pelo Departamento Jur\u00eddico. Sendo determinante para que, em pouco tempo,\u00a0obtivesse \u00eaxito na sua reintegra\u00e7\u00e3o aos quadros de funcion\u00e1rios do Banco\u00a0Bradesco S\/A.\u00a0<\/div>\n<div>\u00a0<\/div>\n<div><span style=\"text-decoration: underline;\">IMPORTANTE<\/span><\/div>\n<div>\u00a0<\/div>\n<div>Em caso de demiss\u00e3o, a orienta\u00e7\u00e3o \u00e9 para que o banc\u00e1rio ou banc\u00e1ria entre em contato imediatamente com o Sindicato.\u00a0<\/div>\n<div>\u00a0<\/div>\n<div><strong>SINDICALIZE-SE<\/strong><\/div>\n<div>\u00a0<\/div>\n<div>\u00a0<\/div>\n<div>\u00a0<\/div>\n<div>\u00a0<\/div>\n","protected":false},"excerpt":{"rendered":"<p>Nesta ter\u00e7a-feira, dia 27 de abril, mais um banc\u00e1rio do Banco Bradesco foi reintegrado pelo Sindicato dos Banc\u00e1rios da Baixada Fluminense. O banc\u00e1rio\u00a0Antonio Carlos de Ara\u00fajo Vasconcellos, da ag\u00eancia de Queimados, foi reintegrado \u00e0s suas fun\u00e7\u00f5es atrav\u00e9s dos\u00a0Departamentos Jur\u00eddico e de Sa\u00fade do Sindicato, reparando mais uma injusti\u00e7a ocorrida em plena pandemia do novo coronav\u00edrus. [&hellip;]<\/p>\n","protected":false},"author":2,"featured_media":10831,"comment_status":"","ping_status":"","sticky":false,"template":"","format":"standard","meta":{"footnotes":""},"categories":[3],"tags":[],"class_list":["post-10832","post","type-post","status-publish","format-standard","has-post-thumbnail","hentry","category-noticias"],"_links":{"self":[{"href":"https:\/\/hostnetart.com.br\/baixada\/wp-json\/wp\/v2\/posts\/10832","targetHints":{"allow":["GET"]}}],"collection":[{"href":"https:\/\/hostnetart.com.br\/baixada\/wp-json\/wp\/v2\/posts"}],"about":[{"href":"https:\/\/hostnetart.com.br\/baixada\/wp-json\/wp\/v2\/types\/post"}],"author":[{"embeddable":true,"href":"https:\/\/hostnetart.com.br\/baixada\/wp-json\/wp\/v2\/users\/2"}],"replies":[{"embeddable":true,"href":"https:\/\/hostnetart.com.br\/baixada\/wp-json\/wp\/v2\/comments?post=10832"}],"version-history":[{"count":0,"href":"https:\/\/hostnetart.com.br\/baixada\/wp-json\/wp\/v2\/posts\/10832\/revisions"}],"wp:featuredmedia":[{"embeddable":true,"href":"https:\/\/hostnetart.com.br\/baixada\/wp-json\/wp\/v2\/media\/10831"}],"wp:attachment":[{"href":"https:\/\/hostnetart.com.br\/baixada\/wp-json\/wp\/v2\/media?parent=10832"}],"wp:term":[{"taxonomy":"category","embeddable":true,"href":"https:\/\/hostnetart.com.br\/baixada\/wp-json\/wp\/v2\/categories?post=10832"},{"taxonomy":"post_tag","embeddable":true,"href":"https:\/\/hostnetart.com.br\/baixada\/wp-json\/wp\/v2\/tags?post=10832"}],"curies":[{"name":"wp","href":"https:\/\/api.w.org\/{rel}","templated":true}]}}