{"id":10830,"date":"2021-04-27T13:37:01","date_gmt":"2021-04-27T16:37:01","guid":{"rendered":"https:\/\/hostnetart.com.br\/baixada\/comunicado-aos-usuarios-da-caixa-economica-federal-e-publico-em-geral\/"},"modified":"2021-04-27T13:37:01","modified_gmt":"2021-04-27T16:37:01","slug":"comunicado-aos-usuarios-da-caixa-economica-federal-e-publico-em-geral","status":"publish","type":"post","link":"https:\/\/hostnetart.com.br\/baixada\/comunicado-aos-usuarios-da-caixa-economica-federal-e-publico-em-geral\/","title":{"rendered":"COMUNICADO AOS USU\u00c1RIOS DA CAIXA ECON\u00d4MICA FEDERAL E P\u00daBLICO EM GERAL"},"content":{"rendered":"<p>Considerando a delibera\u00e7\u00e3o assemblear que decretou estado de greve e a indica\u00e7\u00e3o de paralisa\u00e7\u00e3o por prazo determinado a partir das 00h00m at\u00e9 \u00e0s 23h59m do dia 27 de abril de 2021,\u00a0 a crit\u00e9rio da diretoria do Sindicato dos Banc\u00e1rios da Baixada Fluminense, considerando que, at\u00e9 o momento, as raz\u00f5es que motivaram referida delibera\u00e7\u00e3o ainda persistem, a Diretoria deste Sindicato comunica que a partir das 00h00m at\u00e9 \u00e0s 23h59m do dia 27 de abril de 2021 (ter\u00e7a-feira), os banc\u00e1rios da Caixa Econ\u00f4mica Federal, lotados na base territorial deste Sindicato, em conjunto com os demais banc\u00e1rios da Caixa Econ\u00f4mica Federal de todo o pa\u00eds, ter\u00e3o suas atividades paralisadas.<\/p>\n<p>&#8211; SINDICATO DOS BANC\u00c1RIOS DA BAIXADA FLUMINENSE &#8211;<\/p>\n","protected":false},"excerpt":{"rendered":"<p>Considerando a delibera\u00e7\u00e3o assemblear que decretou estado de greve e a indica\u00e7\u00e3o de paralisa\u00e7\u00e3o por prazo determinado a partir das 00h00m at\u00e9 \u00e0s 23h59m do dia 27 de abril de 2021,\u00a0 a crit\u00e9rio da diretoria do Sindicato dos Banc\u00e1rios da Baixada Fluminense, considerando que, at\u00e9 o momento, as raz\u00f5es que motivaram referida delibera\u00e7\u00e3o ainda persistem, [&hellip;]<\/p>\n","protected":false},"author":2,"featured_media":10829,"comment_status":"","ping_status":"","sticky":false,"template":"","format":"standard","meta":{"footnotes":""},"categories":[3],"tags":[],"class_list":["post-10830","post","type-post","status-publish","format-standard","has-post-thumbnail","hentry","category-noticias"],"_links":{"self":[{"href":"https:\/\/hostnetart.com.br\/baixada\/wp-json\/wp\/v2\/posts\/10830","targetHints":{"allow":["GET"]}}],"collection":[{"href":"https:\/\/hostnetart.com.br\/baixada\/wp-json\/wp\/v2\/posts"}],"about":[{"href":"https:\/\/hostnetart.com.br\/baixada\/wp-json\/wp\/v2\/types\/post"}],"author":[{"embeddable":true,"href":"https:\/\/hostnetart.com.br\/baixada\/wp-json\/wp\/v2\/users\/2"}],"replies":[{"embeddable":true,"href":"https:\/\/hostnetart.com.br\/baixada\/wp-json\/wp\/v2\/comments?post=10830"}],"version-history":[{"count":0,"href":"https:\/\/hostnetart.com.br\/baixada\/wp-json\/wp\/v2\/posts\/10830\/revisions"}],"wp:featuredmedia":[{"embeddable":true,"href":"https:\/\/hostnetart.com.br\/baixada\/wp-json\/wp\/v2\/media\/10829"}],"wp:attachment":[{"href":"https:\/\/hostnetart.com.br\/baixada\/wp-json\/wp\/v2\/media?parent=10830"}],"wp:term":[{"taxonomy":"category","embeddable":true,"href":"https:\/\/hostnetart.com.br\/baixada\/wp-json\/wp\/v2\/categories?post=10830"},{"taxonomy":"post_tag","embeddable":true,"href":"https:\/\/hostnetart.com.br\/baixada\/wp-json\/wp\/v2\/tags?post=10830"}],"curies":[{"name":"wp","href":"https:\/\/api.w.org\/{rel}","templated":true}]}}