{"id":1083,"date":"2014-04-30T00:00:00","date_gmt":"2014-04-30T03:00:00","guid":{"rendered":"https:\/\/hostnetart.com.br\/baixada\/contraf-cut-apoia-chapa-4-na-eleicao-da-previ-que-vai-de-16-a-28-de-maio\/"},"modified":"2014-04-30T00:00:00","modified_gmt":"2014-04-30T03:00:00","slug":"contraf-cut-apoia-chapa-4-na-eleicao-da-previ-que-vai-de-16-a-28-de-maio","status":"publish","type":"post","link":"https:\/\/hostnetart.com.br\/baixada\/contraf-cut-apoia-chapa-4-na-eleicao-da-previ-que-vai-de-16-a-28-de-maio\/","title":{"rendered":"Contraf-CUT apoia Chapa 4 na elei\u00e7\u00e3o da Previ, que vai de 16 a 28 de maio"},"content":{"rendered":"<p>Os participantes da Previ v\u00e3o \u00e0s urnas de 16 a 28 de maio para renovar as diretorias de Administra\u00e7\u00e3o e de Planejamento e parte dos conselhos deliberativo, fiscal e consultivos dos dois planos de benef\u00edcios, o Plano 1 e o Previ Futuro. Quatro chapas disputam a elei\u00e7\u00e3o. A Contraf-CUT apoia a Chapa 4 Unidade e Seguran\u00e7a na Previ, encabe\u00e7ada por Wagner Nascimento, diretor do Sindicato de Belo Horizonte e membro da Comiss\u00e3o de Empresa dos Funcion\u00e1rios do BB, e por C\u00e9lia Larichia, presidente da AAFBB, principal associa\u00e7\u00e3o de aposentados do Banco do Brasil.<\/p>\n<p>\u201cA Previ \u00e9 um dos maiores exemplos de que os trabalhadores s\u00e3o os mais capacitados para gerir seus pr\u00f3prios recursos. Apoiamos a Chapa 4 porque \u00e9 formada pelo movimento sindical e outras entidades do funcionalismo do Banco do Brasil e porque representa as for\u00e7as que v\u00eam administrando a Previ h\u00e1 anos, com grande \u00eaxito\u201d, afirma Carlos Cordeiro, presidente da Contraf-CUT.<\/p>\n<p>\u201cPe\u00e7o voto \u00e0 Chapa 4 porque ela representa a unidade das entidades do funcionalismo. Tudo que constru\u00edmos nos 110 anos de Previ foi com a participa\u00e7\u00e3o dos sindicatos nas lutas. Coordeno as negocia\u00e7\u00f5es com o Banco do Brasil ao lado do Wagner Nascimento e afirmo que ele \u00e9 um dos melhores quadros do funcionalismo do BB surgido na \u00faltima d\u00e9cada e re\u00fane tanto combatividade quanto capacidade t\u00e9cnica para gerir a nossa Previ\u201d, acrescenta William Mendes, coordenador da Comiss\u00e3o de Empresa dos Funcion\u00e1rios e que acaba de ser eleito para a Diretoria de Sa\u00fade da Cassi na vota\u00e7\u00e3o realizada entre 9 e 22 de abril.<\/p>\n<p>William tamb\u00e9m destaca o equil\u00edbrio da Chapa 4, que tem um candidato a diretor do Previ Futuro e outra do Plano 1, al\u00e9m de ter representantes de todos os segmentos, ativos e aposentados, homens e mulheres e todas as regi\u00f5es do pa\u00eds.<\/p>\n<p><strong>Conhe\u00e7a a Chapa 4 Unidade e Seguran\u00e7a na Previ<\/strong><\/p>\n<p><strong>Diretor de Administra\u00e7\u00e3o \u2013 Wagner Nascimento<\/strong>, diretor do Sindicato de Belo Horizonte, representante da Fetraf Minas Gerais na Comiss\u00e3o de Empresa dos Funcion\u00e1rios do BB e coordenador do Conselho Consultivo do Plano Previ Futuro.<\/p>\n<p><strong>Diretora de Planejamento \u2013 C\u00e9lia Larichia<\/strong>, presidente da AAFBB e conselheira deliberativa da Previ.<\/p>\n<p>CONSELHO DELIBERATIVO<\/p>\n<p><strong>Jos\u00e9 Ricardo Sasseron<\/strong>\u00a0(titular), diretor executivo da Contraf-CUT, ex-diretor de Seguridade da Previ, ex-diretor do Sindicato de S\u00e3o Paulo, ex-coordenador da Comiss\u00e3o de Empresa do BB, vice-presidente da Anapar e representante dos participantes no Conselho Nacional de Previd\u00eancia Complementar (CNPC).<\/p>\n<p><strong>Gilberto Matos Santiago<\/strong>\u00a0(suplente), presidente do Conselho Deliberativo da AAFBB, conselheiro deliberativo da Anabb, ex-conselheiro dliberativo da Previ e ex-presidente da AAFBB.<\/p>\n<p>CONSELHO FISCAL<\/p>\n<p><strong>Reinaldo Fujimoto (Fuji)<\/strong>, vice-presidente administrativo e financeiro da Anabb, presidente do Conselho Deliberativo da Fenabb, entidade que tamb\u00e9m presidiu.<\/p>\n<p><strong>Sandra Miranda<\/strong>\u00a0(suplente), presidente da Apabb e ex-diretora do Sindicato de S\u00e3o Paulo.<\/p>\n<p>CONSELHO CONSULTIVO DO PLANO 1<\/p>\n<p><strong>Fernanda Ducl\u00f3s Carisio<\/strong>\u00a0(titular), presidente do Conselho Deliberativo da Cassi, ex-conselheira fiscal da Previ, ex-presidente do Sindicato do Rio de Janeiro e ex-presidente da CNB-CUT.<\/p>\n<p><strong>Jurandi Pereira do Nascimento<\/strong>\u00a0(titular), diretor de Assuntos Jur\u00eddicos do Sindicato da Para\u00edba.<\/p>\n<p><strong>Jos\u00e9 Luiz Barbosa<\/strong>\u00a0(suplente), diretor do Sindicato de S\u00e3o Jos\u00e9 do Rio Preto e representante da Feeb de S\u00e3o Paulo e Mato Grosso do Sul na Comiss\u00e3o de Empresa dos Funcion\u00e1rios do BB.<\/p>\n<p><strong>Nei Rios<\/strong>\u00a0(suplente), ex-presidente do Sindicato de Feira de Santana, ex-diretor da Federa\u00e7\u00e3o dos Banc\u00e1rios da Bahia e Sergipe, ex-integrante da Comiss\u00e3o de Empresa dos Funcion\u00e1rios do BB, ex-conselheiro fiscal e deliberativo da Previ.<\/p>\n<p>CONSELHO CONSULTIVO DO PREVI FUTURO<\/p>\n<p><strong>Rosalina Amorim<\/strong>\u00a0(titular), presidente do Sindicato dos Banc\u00e1rios do Par\u00e1 e diretora executiva da Contraf-CUT .<\/p>\n<p><strong>Pablo Diaz<\/strong>\u00a0(titular), diretor de Estudos Socioecon\u00f4micos do Sindicato de Curitiba e coordenador estadual do Dieese do Paran\u00e1.<\/p>\n<p><strong>Kleytton Morais<\/strong>\u00a0(suplente), diretor do Sindicato dos Banc\u00e1rios de Bras\u00edlia.<\/p>\n<p><strong>Paulo Vin\u00edcius Santos<\/strong>\u00a0(suplente), diretor nacional da CTB e ex-conselheiro nacional de juventude e representante sindical juvenil junto \u00e0 Coordenadora de Centrais Sindicais do Cone Sul (CCSCS) e \u00e0 Federa\u00e7\u00e3o Sindical Mundial (FSM-WFTU).<\/p>\n<p><a href=\"http:\/\/www.contrafcut.org.br\/download\/Arquivo\/14429171756.pdf\" target=\"_blank\" rel=\"noopener noreferrer\">Veja aqui<\/a>\u00a0folder em pdf com as propostas da Chapa 4.<\/p>\n<p><strong>Como votar<\/strong><\/p>\n<p>As elei\u00e7\u00f5es v\u00e3o de 16 a 28 de maio e a posse dos eleitos ser\u00e1 no dia 2 de junho.<\/p>\n<p>Os funcion\u00e1rios da ativa votam por meio do Sisbb, a intranet do Banco do Brasil. Os aposentados e pensionistas maiores de 18 anos votam pelo site www.previ.com.br (com senha) ou pelos fones 0800 723 0808 e 0800 031 0808, tamb\u00e9m com senha.<\/p>\n<p><strong>O que \u00e9 a Previ<\/strong><\/p>\n<p>Maior fundo de pens\u00e3o da Am\u00e9rica Latina, a Caixa de Previd\u00eancia dos Funcion\u00e1rios do BB tem 196.503 participantes aptos a votar e um patrim\u00f4nio que ultrapassa R$ 170 bilh\u00f5es.<\/p>\n<p>A dire\u00e7\u00e3o da Previ \u00e9 compartilhada. O BB indica o presidente e os diretores investimento e de participa\u00e7\u00f5es, tr\u00eas dos seis conselheiros deliberativos e dois dos quatro conselheiros fiscais, al\u00e9m de tr\u00eas representantes nos conselhos consultivos dos dois planos.<\/p>\n<p>Os associados elegem os diretores de Administra\u00e7\u00e3o, de Planejamento e de Seguridade e a metade dos conselhos deliberativo, fiscal e consultivos do Plano 1 e do Previ Futuro, este \u00faltimo o plano de benef\u00edcios de quem entrou no BB ap\u00f3s 1998.<\/p>\n<p>Fonte: Contraf-CUT<\/p>\n","protected":false},"excerpt":{"rendered":"<p>Os participantes da Previ v\u00e3o \u00e0s urnas de 16 a 28 de maio para renovar as diretorias de Administra\u00e7\u00e3o e de Planejamento e parte dos conselhos deliberativo, fiscal e consultivos dos dois planos de benef\u00edcios, o Plano 1 e o Previ Futuro. Quatro chapas disputam a elei\u00e7\u00e3o. A Contraf-CUT apoia a Chapa 4 Unidade e [&hellip;]<\/p>\n","protected":false},"author":1,"featured_media":0,"comment_status":"","ping_status":"","sticky":false,"template":"","format":"standard","meta":{"footnotes":""},"categories":[3],"tags":[],"class_list":["post-1083","post","type-post","status-publish","format-standard","hentry","category-noticias"],"_links":{"self":[{"href":"https:\/\/hostnetart.com.br\/baixada\/wp-json\/wp\/v2\/posts\/1083","targetHints":{"allow":["GET"]}}],"collection":[{"href":"https:\/\/hostnetart.com.br\/baixada\/wp-json\/wp\/v2\/posts"}],"about":[{"href":"https:\/\/hostnetart.com.br\/baixada\/wp-json\/wp\/v2\/types\/post"}],"author":[{"embeddable":true,"href":"https:\/\/hostnetart.com.br\/baixada\/wp-json\/wp\/v2\/users\/1"}],"replies":[{"embeddable":true,"href":"https:\/\/hostnetart.com.br\/baixada\/wp-json\/wp\/v2\/comments?post=1083"}],"version-history":[{"count":0,"href":"https:\/\/hostnetart.com.br\/baixada\/wp-json\/wp\/v2\/posts\/1083\/revisions"}],"wp:attachment":[{"href":"https:\/\/hostnetart.com.br\/baixada\/wp-json\/wp\/v2\/media?parent=1083"}],"wp:term":[{"taxonomy":"category","embeddable":true,"href":"https:\/\/hostnetart.com.br\/baixada\/wp-json\/wp\/v2\/categories?post=1083"},{"taxonomy":"post_tag","embeddable":true,"href":"https:\/\/hostnetart.com.br\/baixada\/wp-json\/wp\/v2\/tags?post=1083"}],"curies":[{"name":"wp","href":"https:\/\/api.w.org\/{rel}","templated":true}]}}