{"id":10826,"date":"2021-04-27T03:20:43","date_gmt":"2021-04-27T06:20:43","guid":{"rendered":"https:\/\/hostnetart.com.br\/baixada\/contraf-cut-cobra-da-caixa-o-pagamento-das-comissoes-sobre-vendas-de-produtos-financeiros\/"},"modified":"2021-04-27T03:20:43","modified_gmt":"2021-04-27T06:20:43","slug":"contraf-cut-cobra-da-caixa-o-pagamento-das-comissoes-sobre-vendas-de-produtos-financeiros","status":"publish","type":"post","link":"https:\/\/hostnetart.com.br\/baixada\/contraf-cut-cobra-da-caixa-o-pagamento-das-comissoes-sobre-vendas-de-produtos-financeiros\/","title":{"rendered":"Contraf-CUT cobra da Caixa o pagamento das comiss\u00f5es sobre vendas de produtos financeiros"},"content":{"rendered":"<p>Em of\u00edcio enviado \u00e0 Caixa no dia 22 de abril, a Confedera\u00e7\u00e3o Nacional dos Trabalhadores do Ramo Financeiro (Contraf-CUT) questionou a Vice-Presid\u00eancia Rede de Varejo (Vired) sobre o pagamento das comiss\u00f5es sobre as vendas de produtos financeiros da Caixa Seguridade na rede de ag\u00eancias do banco.<\/p>\n<p>Segundo of\u00edcio da Contraf-CUT, o pagamento acordado para o dia 16 de abril n\u00e3o foi realizado at\u00e9 hoje (26). Al\u00e9m do atraso, os empregados reclamam a altera\u00e7\u00e3o no modo como se d\u00e3o as comiss\u00f5es e na sua periodicidade, que passou de mensal para trimestral. Em alguns casos, a demora na apura\u00e7\u00e3o da opera\u00e7\u00e3o chegou a 116 dias.<\/p>\n<p>\u201cDentre os apontamentos trazidos [pelos empregados] \u00e9 verificada a altera\u00e7\u00e3o do per\u00edodo decorrido para apura\u00e7\u00e3o da opera\u00e7\u00e3o, que pode chegar at\u00e9 a 116 dias, al\u00e9m de crit\u00e9rios estabelecidos que incorrem em cortes nos valores projetados para recebimento desta remunera\u00e7\u00e3o vari\u00e1vel, que pode excluir parte da produ\u00e7\u00e3o do per\u00edodo na base de c\u00e1lculo das comiss\u00f5es\u201d, diz o documento.<\/p>\n<p>\u201cSolicitamos \u00e0 Vired que os pagamentos sejam feitos com celeridade e que revisem o modelo de apura\u00e7\u00e3o das opera\u00e7\u00f5es para um resultado justo ao esfor\u00e7o e dedica\u00e7\u00e3o dos empregados. A empresa fez altera\u00e7\u00e3o no formato, que antes era pelo Mundo Caixa e estava funcionando. O m\u00ednimo que se espera \u00e9 que ela cumpra o que prop\u00f4s\u201d, alertou a coordenadora da Comiss\u00e3o Executiva dos Empregados da Caixa (CEE\/Caixa), Fabiana Uehara Proscholdt.<\/p>\n<p>Para o presidente da Federa\u00e7\u00e3o Nacional das Associa\u00e7\u00f5es do Pessoal da Caixa Econ\u00f4mica Federal (Fenae), Sergio Takemoto, \u00e9 fundamental que os empregados continuem informando sobre mudan\u00e7as realizadas pela dire\u00e7\u00e3o do banco sem aviso pr\u00e9vio. \u201c\u00c9 importante que os empregados continuem relatando qualquer mudan\u00e7a que envolva seus direitos. Estamos sob constante ataque da dire\u00e7\u00e3o do banco e precisamos nos manter atentos\u201d, informou.<\/p>\n<p><strong>Fonte: Contraf-CUT<\/strong><\/p>\n","protected":false},"excerpt":{"rendered":"<p>Em of\u00edcio enviado \u00e0 Caixa no dia 22 de abril, a Confedera\u00e7\u00e3o Nacional dos Trabalhadores do Ramo Financeiro (Contraf-CUT) questionou a Vice-Presid\u00eancia Rede de Varejo (Vired) sobre o pagamento das comiss\u00f5es sobre as vendas de produtos financeiros da Caixa Seguridade na rede de ag\u00eancias do banco. Segundo of\u00edcio da Contraf-CUT, o pagamento acordado para o [&hellip;]<\/p>\n","protected":false},"author":2,"featured_media":10825,"comment_status":"","ping_status":"","sticky":false,"template":"","format":"standard","meta":{"footnotes":""},"categories":[3],"tags":[],"class_list":["post-10826","post","type-post","status-publish","format-standard","has-post-thumbnail","hentry","category-noticias"],"_links":{"self":[{"href":"https:\/\/hostnetart.com.br\/baixada\/wp-json\/wp\/v2\/posts\/10826","targetHints":{"allow":["GET"]}}],"collection":[{"href":"https:\/\/hostnetart.com.br\/baixada\/wp-json\/wp\/v2\/posts"}],"about":[{"href":"https:\/\/hostnetart.com.br\/baixada\/wp-json\/wp\/v2\/types\/post"}],"author":[{"embeddable":true,"href":"https:\/\/hostnetart.com.br\/baixada\/wp-json\/wp\/v2\/users\/2"}],"replies":[{"embeddable":true,"href":"https:\/\/hostnetart.com.br\/baixada\/wp-json\/wp\/v2\/comments?post=10826"}],"version-history":[{"count":0,"href":"https:\/\/hostnetart.com.br\/baixada\/wp-json\/wp\/v2\/posts\/10826\/revisions"}],"wp:featuredmedia":[{"embeddable":true,"href":"https:\/\/hostnetart.com.br\/baixada\/wp-json\/wp\/v2\/media\/10825"}],"wp:attachment":[{"href":"https:\/\/hostnetart.com.br\/baixada\/wp-json\/wp\/v2\/media?parent=10826"}],"wp:term":[{"taxonomy":"category","embeddable":true,"href":"https:\/\/hostnetart.com.br\/baixada\/wp-json\/wp\/v2\/categories?post=10826"},{"taxonomy":"post_tag","embeddable":true,"href":"https:\/\/hostnetart.com.br\/baixada\/wp-json\/wp\/v2\/tags?post=10826"}],"curies":[{"name":"wp","href":"https:\/\/api.w.org\/{rel}","templated":true}]}}