{"id":10824,"date":"2021-04-27T03:18:50","date_gmt":"2021-04-27T06:18:50","guid":{"rendered":"https:\/\/hostnetart.com.br\/baixada\/fetraf-rj-es-fara-live-no-dia-do-trabalhador-com-a-presenca-de-neguinho-da-beija-flor\/"},"modified":"2021-04-27T03:18:50","modified_gmt":"2021-04-27T06:18:50","slug":"fetraf-rj-es-fara-live-no-dia-do-trabalhador-com-a-presenca-de-neguinho-da-beija-flor","status":"publish","type":"post","link":"https:\/\/hostnetart.com.br\/baixada\/fetraf-rj-es-fara-live-no-dia-do-trabalhador-com-a-presenca-de-neguinho-da-beija-flor\/","title":{"rendered":"Fetraf RJ\/ES far\u00e1 Live no Dia do Trabalhador com a presen\u00e7a de Neguinho da Beija-Flor"},"content":{"rendered":"<p>A Federa\u00e7\u00e3o dos Trabalhadores do Ramo Financeiro dos Estados do Rio de Janeiro e Esp\u00edrito Santo (Fetraf RJ\/ES), da qual o Sindicato dos Banc\u00e1rios da Baixada Fluminense faz parte, far\u00e1 uma live no s\u00e1bado, dia 1o de Maio, Dia do Trabalhador, das 12 horas (meio dia) \u00e0s 15 horas.<\/p>\n<p>A live ser\u00e1 transmitida pelo Youtube da Fetraf RJ\/ES e ter\u00e1 a presen\u00e7a de Neguinho da Beija-Flor e do sambista Mois\u00e9s Santiago.<\/p>\n<p>Os temas ser\u00e3o:\u00a0Democracia, emprego e vacina para todos. Temas que fazem refer\u00eancia\u00a0\u00e0 necessidade de vacina\u00e7\u00e3o em massa, ao pagamento de aux\u00edlio emergencial no valor de R$ 600 e a aposta em uma composi\u00e7\u00e3o entre diferentes for\u00e7as pol\u00edticas pelo Estado de direito e tamb\u00e9m em uma poss\u00edvel frente para 2022.<\/p>\n<p>Para assistir a live, acesse o link:\u00a0<a href=\"https:\/\/youtu.be\/TZ3Gjyk54zI\">https:\/\/youtu.be\/TZ3Gjyk54zI<\/a><\/p>\n<p>PARTICIPE: Sua participa\u00e7\u00e3o \u00e9 fundamental!<\/p>\n","protected":false},"excerpt":{"rendered":"<p>A Federa\u00e7\u00e3o dos Trabalhadores do Ramo Financeiro dos Estados do Rio de Janeiro e Esp\u00edrito Santo (Fetraf RJ\/ES), da qual o Sindicato dos Banc\u00e1rios da Baixada Fluminense faz parte, far\u00e1 uma live no s\u00e1bado, dia 1o de Maio, Dia do Trabalhador, das 12 horas (meio dia) \u00e0s 15 horas. A live ser\u00e1 transmitida pelo Youtube [&hellip;]<\/p>\n","protected":false},"author":2,"featured_media":10823,"comment_status":"","ping_status":"","sticky":false,"template":"","format":"standard","meta":{"footnotes":""},"categories":[3],"tags":[],"class_list":["post-10824","post","type-post","status-publish","format-standard","has-post-thumbnail","hentry","category-noticias"],"_links":{"self":[{"href":"https:\/\/hostnetart.com.br\/baixada\/wp-json\/wp\/v2\/posts\/10824","targetHints":{"allow":["GET"]}}],"collection":[{"href":"https:\/\/hostnetart.com.br\/baixada\/wp-json\/wp\/v2\/posts"}],"about":[{"href":"https:\/\/hostnetart.com.br\/baixada\/wp-json\/wp\/v2\/types\/post"}],"author":[{"embeddable":true,"href":"https:\/\/hostnetart.com.br\/baixada\/wp-json\/wp\/v2\/users\/2"}],"replies":[{"embeddable":true,"href":"https:\/\/hostnetart.com.br\/baixada\/wp-json\/wp\/v2\/comments?post=10824"}],"version-history":[{"count":0,"href":"https:\/\/hostnetart.com.br\/baixada\/wp-json\/wp\/v2\/posts\/10824\/revisions"}],"wp:featuredmedia":[{"embeddable":true,"href":"https:\/\/hostnetart.com.br\/baixada\/wp-json\/wp\/v2\/media\/10823"}],"wp:attachment":[{"href":"https:\/\/hostnetart.com.br\/baixada\/wp-json\/wp\/v2\/media?parent=10824"}],"wp:term":[{"taxonomy":"category","embeddable":true,"href":"https:\/\/hostnetart.com.br\/baixada\/wp-json\/wp\/v2\/categories?post=10824"},{"taxonomy":"post_tag","embeddable":true,"href":"https:\/\/hostnetart.com.br\/baixada\/wp-json\/wp\/v2\/tags?post=10824"}],"curies":[{"name":"wp","href":"https:\/\/api.w.org\/{rel}","templated":true}]}}