{"id":10822,"date":"2021-04-26T20:31:35","date_gmt":"2021-04-26T23:31:35","guid":{"rendered":"https:\/\/hostnetart.com.br\/baixada\/estado-de-greve-da-caixa-e-mantido\/"},"modified":"2021-04-26T20:31:35","modified_gmt":"2021-04-26T23:31:35","slug":"estado-de-greve-da-caixa-e-mantido","status":"publish","type":"post","link":"https:\/\/hostnetart.com.br\/baixada\/estado-de-greve-da-caixa-e-mantido\/","title":{"rendered":"Estado de Greve da Caixa \u00e9 mantido"},"content":{"rendered":"<p>O estado de greve, decidido pelos empregados da Caixa Econ\u00f4mica Federal, em assembleia virtual realizada na \u00faltima quinta-feira (22), est\u00e1 mantido para esta ter\u00e7a-feira, dia 27 de abril.<\/p>\n<p>O resultado foi uma rea\u00e7\u00e3o ao an\u00fancio do processo de privatiza\u00e7\u00e3o, feito pela dire\u00e7\u00e3o do banco, atrav\u00e9s da venda de a\u00e7\u00f5es da institui\u00e7\u00e3o financeira.<\/p>\n<p>Al\u00e9m disso, \u00e9 uma mobiliza\u00e7\u00e3o pelo pagamento da PLR Social, com um valor justo e sem discrimina\u00e7\u00e3o.<\/p>\n","protected":false},"excerpt":{"rendered":"<p>O estado de greve, decidido pelos empregados da Caixa Econ\u00f4mica Federal, em assembleia virtual realizada na \u00faltima quinta-feira (22), est\u00e1 mantido para esta ter\u00e7a-feira, dia 27 de abril. O resultado foi uma rea\u00e7\u00e3o ao an\u00fancio do processo de privatiza\u00e7\u00e3o, feito pela dire\u00e7\u00e3o do banco, atrav\u00e9s da venda de a\u00e7\u00f5es da institui\u00e7\u00e3o financeira. Al\u00e9m disso, \u00e9 [&hellip;]<\/p>\n","protected":false},"author":2,"featured_media":10821,"comment_status":"","ping_status":"","sticky":false,"template":"","format":"standard","meta":{"footnotes":""},"categories":[3],"tags":[],"class_list":["post-10822","post","type-post","status-publish","format-standard","has-post-thumbnail","hentry","category-noticias"],"_links":{"self":[{"href":"https:\/\/hostnetart.com.br\/baixada\/wp-json\/wp\/v2\/posts\/10822","targetHints":{"allow":["GET"]}}],"collection":[{"href":"https:\/\/hostnetart.com.br\/baixada\/wp-json\/wp\/v2\/posts"}],"about":[{"href":"https:\/\/hostnetart.com.br\/baixada\/wp-json\/wp\/v2\/types\/post"}],"author":[{"embeddable":true,"href":"https:\/\/hostnetart.com.br\/baixada\/wp-json\/wp\/v2\/users\/2"}],"replies":[{"embeddable":true,"href":"https:\/\/hostnetart.com.br\/baixada\/wp-json\/wp\/v2\/comments?post=10822"}],"version-history":[{"count":0,"href":"https:\/\/hostnetart.com.br\/baixada\/wp-json\/wp\/v2\/posts\/10822\/revisions"}],"wp:featuredmedia":[{"embeddable":true,"href":"https:\/\/hostnetart.com.br\/baixada\/wp-json\/wp\/v2\/media\/10821"}],"wp:attachment":[{"href":"https:\/\/hostnetart.com.br\/baixada\/wp-json\/wp\/v2\/media?parent=10822"}],"wp:term":[{"taxonomy":"category","embeddable":true,"href":"https:\/\/hostnetart.com.br\/baixada\/wp-json\/wp\/v2\/categories?post=10822"},{"taxonomy":"post_tag","embeddable":true,"href":"https:\/\/hostnetart.com.br\/baixada\/wp-json\/wp\/v2\/tags?post=10822"}],"curies":[{"name":"wp","href":"https:\/\/api.w.org\/{rel}","templated":true}]}}