{"id":10818,"date":"2021-04-26T20:28:26","date_gmt":"2021-04-26T23:28:26","guid":{"rendered":"https:\/\/hostnetart.com.br\/baixada\/miseria-aumenta-no-pais-e-solidariedade-e-mais-necessaria\/"},"modified":"2021-04-26T20:28:26","modified_gmt":"2021-04-26T23:28:26","slug":"miseria-aumenta-no-pais-e-solidariedade-e-mais-necessaria","status":"publish","type":"post","link":"https:\/\/hostnetart.com.br\/baixada\/miseria-aumenta-no-pais-e-solidariedade-e-mais-necessaria\/","title":{"rendered":"Mis\u00e9ria aumenta no pa\u00eds e solidariedade \u00e9 mais necess\u00e1ria"},"content":{"rendered":"<p>A Campanha Sindicato Solid\u00e1rio da Confedera\u00e7\u00e3o Nacional dos Trabalhadores do Ramo Financeiro (Contraf-CUT) est\u00e1 sendo refor\u00e7ada a partir deste m\u00eas. A Contraf-CUT e as federa\u00e7\u00f5es regionais v\u00e3o incrementar a\u00e7\u00f5es para fazer da campanha um ponto de apoio para sindicatos e entidades sociais engajadas na assist\u00eancia \u00e0 parcela mais carente da popula\u00e7\u00e3o.<\/p>\n<p>Com o agravamento da pandemia, pioraram as condi\u00e7\u00f5es dos setores mais desassistidos. O governo Bolsonaro ignora essa parcela que cada vez \u00e9 atirada na mais completa mis\u00e9ria, com a fome sendo o drama mais agudo e di\u00e1rio de quem precisa de ajuda.<\/p>\n<p>\u201cA pandemia piorou, e muito, a situa\u00e7\u00e3o de mis\u00e9ria de uma boa parte da nossa popula\u00e7\u00e3o. Se antes o governo Bolsonaro n\u00e3o fazia nada. Agora, ent\u00e3o, o abandono aumentou. Esse aux\u00edlio emergencial ficou ainda menor. Com a infla\u00e7\u00e3o, principalmente dos alimentos, o aux\u00edlio \u00e9 muito pouco. O governo precisa voltar com o aux\u00edlio emergencial de R$ 600, pelos menos. Por causa dessa situa\u00e7\u00e3o cr\u00edtica \u00e9 que estamos discutindo novas formas para viabilizar a participa\u00e7\u00e3o da nossa categoria nesse movimento de solidariedade\u201d, explicou Almir Aguiar, membro da Executiva da Contraf-CUT e secret\u00e1rio de Combate ao Racismo da entidade.<\/p>\n<p>Um dos efeitos do aumento da mis\u00e9ria no pa\u00eds \u00e9 o crescimento da popula\u00e7\u00e3o de pessoas em situa\u00e7\u00e3o de rua. De acordo com o Instituto de Pesquisa Econ\u00f4mica Aplicada (Ipea), o n\u00famero de pessoas em situa\u00e7\u00e3o de rua no Brasil cresceu 140% entre 2012 e mar\u00e7o de 2020, chegando a quase 222 mil pessoas.<\/p>\n<p>A Contraf-CUT disponibilizar\u00e1 a lista das associa\u00e7\u00f5es e ONGs indicadas pelos Sindicatos para as contribui\u00e7\u00f5es solid\u00e1rias, com locais e formas de arrecada\u00e7\u00e3o. A campanha tem o objetivo de unir sindicatos, federa\u00e7\u00f5es e a categoria em todo o pa\u00eds em prol da humanidade, de ajudar a quem precisa. Para ter acesso \u00e0 lista de entidades que participam da campanha, clique\u00a0<a href=\"https:\/\/sindicatosolidario.com\/\">aqui<\/a>.<\/p>\n<p><strong>Fonte: Contraf-CUT<\/strong><\/p>\n","protected":false},"excerpt":{"rendered":"<p>A Campanha Sindicato Solid\u00e1rio da Confedera\u00e7\u00e3o Nacional dos Trabalhadores do Ramo Financeiro (Contraf-CUT) est\u00e1 sendo refor\u00e7ada a partir deste m\u00eas. A Contraf-CUT e as federa\u00e7\u00f5es regionais v\u00e3o incrementar a\u00e7\u00f5es para fazer da campanha um ponto de apoio para sindicatos e entidades sociais engajadas na assist\u00eancia \u00e0 parcela mais carente da popula\u00e7\u00e3o. Com o agravamento da [&hellip;]<\/p>\n","protected":false},"author":2,"featured_media":10817,"comment_status":"","ping_status":"","sticky":false,"template":"","format":"standard","meta":{"footnotes":""},"categories":[3],"tags":[],"class_list":["post-10818","post","type-post","status-publish","format-standard","has-post-thumbnail","hentry","category-noticias"],"_links":{"self":[{"href":"https:\/\/hostnetart.com.br\/baixada\/wp-json\/wp\/v2\/posts\/10818","targetHints":{"allow":["GET"]}}],"collection":[{"href":"https:\/\/hostnetart.com.br\/baixada\/wp-json\/wp\/v2\/posts"}],"about":[{"href":"https:\/\/hostnetart.com.br\/baixada\/wp-json\/wp\/v2\/types\/post"}],"author":[{"embeddable":true,"href":"https:\/\/hostnetart.com.br\/baixada\/wp-json\/wp\/v2\/users\/2"}],"replies":[{"embeddable":true,"href":"https:\/\/hostnetart.com.br\/baixada\/wp-json\/wp\/v2\/comments?post=10818"}],"version-history":[{"count":0,"href":"https:\/\/hostnetart.com.br\/baixada\/wp-json\/wp\/v2\/posts\/10818\/revisions"}],"wp:featuredmedia":[{"embeddable":true,"href":"https:\/\/hostnetart.com.br\/baixada\/wp-json\/wp\/v2\/media\/10817"}],"wp:attachment":[{"href":"https:\/\/hostnetart.com.br\/baixada\/wp-json\/wp\/v2\/media?parent=10818"}],"wp:term":[{"taxonomy":"category","embeddable":true,"href":"https:\/\/hostnetart.com.br\/baixada\/wp-json\/wp\/v2\/categories?post=10818"},{"taxonomy":"post_tag","embeddable":true,"href":"https:\/\/hostnetart.com.br\/baixada\/wp-json\/wp\/v2\/tags?post=10818"}],"curies":[{"name":"wp","href":"https:\/\/api.w.org\/{rel}","templated":true}]}}