{"id":10816,"date":"2021-04-26T20:26:17","date_gmt":"2021-04-26T23:26:17","guid":{"rendered":"https:\/\/hostnetart.com.br\/baixada\/senado-aprova-projeto-que-afasta-gravida-do-trabalho-presencial\/"},"modified":"2021-04-26T20:26:17","modified_gmt":"2021-04-26T23:26:17","slug":"senado-aprova-projeto-que-afasta-gravida-do-trabalho-presencial","status":"publish","type":"post","link":"https:\/\/hostnetart.com.br\/baixada\/senado-aprova-projeto-que-afasta-gravida-do-trabalho-presencial\/","title":{"rendered":"Senado aprova projeto que afasta gr\u00e1vida do trabalho presencial"},"content":{"rendered":"<p>O Senado Federal aprovou na semana passada projeto de lei que trata do afastamento do trabalho de gestantes em meio \u00e0 pandemia de coronav\u00edrus (Covid-19). O projeto segue uma conquista da categoria, que j\u00e1 havia obtido na mesa de negocia\u00e7\u00f5es que as banc\u00e1rias gr\u00e1vidas fossem afastadas do trabalho presencial e ficassem em home office. O projeto aprovado \u00e9 da deputada Perp\u00e9tua Almeida (PCdoB-AC), que aprovou anteriormente a proposta na C\u00e2mara dos Deputados. O projeto segue para a san\u00e7\u00e3o do presidente Jair Bolsonaro.<\/p>\n<p>\u201c\u00c9 importante essa lei da Perp\u00e9tua Almeida. Inclusive nossa categoria j\u00e1 conseguiu um avan\u00e7o nessa quest\u00e3o. N\u00f3s garantimos na mesa de negocia\u00e7\u00f5es que as banc\u00e1rias gr\u00e1vidas ficassem em casa, em home office. Nas discuss\u00f5es com os bancos, conseguimos que as gr\u00e1vidas ficassem mais preservadas dessa forma. Foi uma das prioridades que pedimos na mesa e os bancos est\u00e3o acatando\u201d, lembrou a secret\u00e1ria da Mulher da Confedera\u00e7\u00e3o Nacional dos Trabalhadores do Ramo Financeiro (Contraf-CUT), Elaine Cutis.<\/p>\n<p>O texto do projeto determina que, enquanto durar o estado de emerg\u00eancia de sa\u00fade p\u00fablica causado pela pandemia coronav\u00edrus, a trabalhadora que est\u00e1 gr\u00e1vida deve ficar afastada do trabalho presencial, sem prejudicar sua remunera\u00e7\u00e3o. A gestante, de acordo com o projeto, estar\u00e1 dispon\u00edvel para realizar o trabalho em casa, atrav\u00e9s de teletrabalho, trabalho remoto ou outra forma de trabalhar remotamente.<\/p>\n<p><strong>Fonte: Contraf-CUT<\/strong><\/p>\n","protected":false},"excerpt":{"rendered":"<p>O Senado Federal aprovou na semana passada projeto de lei que trata do afastamento do trabalho de gestantes em meio \u00e0 pandemia de coronav\u00edrus (Covid-19). O projeto segue uma conquista da categoria, que j\u00e1 havia obtido na mesa de negocia\u00e7\u00f5es que as banc\u00e1rias gr\u00e1vidas fossem afastadas do trabalho presencial e ficassem em home office. O [&hellip;]<\/p>\n","protected":false},"author":2,"featured_media":10815,"comment_status":"","ping_status":"","sticky":false,"template":"","format":"standard","meta":{"footnotes":""},"categories":[3],"tags":[],"class_list":["post-10816","post","type-post","status-publish","format-standard","has-post-thumbnail","hentry","category-noticias"],"_links":{"self":[{"href":"https:\/\/hostnetart.com.br\/baixada\/wp-json\/wp\/v2\/posts\/10816","targetHints":{"allow":["GET"]}}],"collection":[{"href":"https:\/\/hostnetart.com.br\/baixada\/wp-json\/wp\/v2\/posts"}],"about":[{"href":"https:\/\/hostnetart.com.br\/baixada\/wp-json\/wp\/v2\/types\/post"}],"author":[{"embeddable":true,"href":"https:\/\/hostnetart.com.br\/baixada\/wp-json\/wp\/v2\/users\/2"}],"replies":[{"embeddable":true,"href":"https:\/\/hostnetart.com.br\/baixada\/wp-json\/wp\/v2\/comments?post=10816"}],"version-history":[{"count":0,"href":"https:\/\/hostnetart.com.br\/baixada\/wp-json\/wp\/v2\/posts\/10816\/revisions"}],"wp:featuredmedia":[{"embeddable":true,"href":"https:\/\/hostnetart.com.br\/baixada\/wp-json\/wp\/v2\/media\/10815"}],"wp:attachment":[{"href":"https:\/\/hostnetart.com.br\/baixada\/wp-json\/wp\/v2\/media?parent=10816"}],"wp:term":[{"taxonomy":"category","embeddable":true,"href":"https:\/\/hostnetart.com.br\/baixada\/wp-json\/wp\/v2\/categories?post=10816"},{"taxonomy":"post_tag","embeddable":true,"href":"https:\/\/hostnetart.com.br\/baixada\/wp-json\/wp\/v2\/tags?post=10816"}],"curies":[{"name":"wp","href":"https:\/\/api.w.org\/{rel}","templated":true}]}}