{"id":10814,"date":"2021-04-23T14:56:12","date_gmt":"2021-04-23T17:56:12","guid":{"rendered":"https:\/\/hostnetart.com.br\/baixada\/assembleias-aprovam-estado-de-greve-na-caixa\/"},"modified":"2021-04-23T14:56:12","modified_gmt":"2021-04-23T17:56:12","slug":"assembleias-aprovam-estado-de-greve-na-caixa","status":"publish","type":"post","link":"https:\/\/hostnetart.com.br\/baixada\/assembleias-aprovam-estado-de-greve-na-caixa\/","title":{"rendered":"Assembleias em todo o Brasil aprovam estado de greve na Caixa"},"content":{"rendered":"<p>Empregados da Caixa Econ\u00f4mica Federal decidiram, na noite desta quinta-feira (22), decretar estado de greve e paralisar as atividades por 24h na pr\u00f3xima ter\u00e7a-feira (27). A delibera\u00e7\u00e3o foi tomada em assembleias com vota\u00e7\u00e3o eletr\u00f4nica realizadas por sindicatos de todo o pa\u00eds.<\/p>\n<p>\u201cO governo Bolsonaro est\u00e1 destruindo o pa\u00eds. Vemos, mais claramente, o que est\u00e1 acontecendo nas \u00e1reas da sa\u00fade e do meio ambiente, mas, apesar de n\u00e3o haver tanto destaque na m\u00eddia, a mesma destrui\u00e7\u00e3o ocorre com rela\u00e7\u00e3o aos direitos dos trabalhadores e ao patrim\u00f4nio p\u00fablico\u201d, afirmou a coordenadora da Comiss\u00e3o Executiva dos Empregados (CEE) da Caixa, Fabiana Uehara Proscholdt, que tamb\u00e9m \u00e9 secret\u00e1ria de Cultura da Confedera\u00e7\u00e3o Nacional dos Trabalhadores do Ramo Financeiro (Contraf-CUT). \u201c\u00c9 justamente contra a tentativa de vender a Caixa a troco de bananas e contra o massacre pelo qual vem passando os empregados, que se arriscam e muitos d\u00e3o suas pr\u00f3prias vidas para atender as pessoas que precisam receber o Aux\u00edlio Emergencial e outros tantos benef\u00edcios pagos pela Caixa que estamos decretando o estado de greve e vamos paralisar as atividades na pr\u00f3xima ter\u00e7a-feira\u201d, completou.<\/p>\n<h3>Privatiza\u00e7\u00e3o e desmonte da Caixa<\/h3>\n<p>Um dos motivos para a decis\u00e3o tomada pelos empregados da Caixa nesta quinta-feira \u00e9 o que eles chamam de privatiza\u00e7\u00e3o fatiada, ou venda disfar\u00e7ada do \u00fanico banco 100% p\u00fablico do pa\u00eds. O mais novo alvo do governo Bolsonaro e de seu ministro Paulo Guedes \u00e9 a Caixa Seguridade, que ter\u00e1 seu capital aberto na pr\u00f3xima quinta-feira (29). Os recursos obtidos com a\u00a0<a href=\"https:\/\/contrafcut.com.br\/noticias\/mercado-privado-sera-o-destino-dos-recursos-da-venda-da-caixa-seguridade\/\" target=\"_blank\" rel=\"noopener noreferrer\">venda da Caixa Seguridade<\/a>\u00a0ser\u00e3o devolvidos ao Tesouro Nacional, por meio dos Instrumentos H\u00edbridos de Capital e D\u00edvida (IHCDs).<\/p>\n<p>\u201cEstas duas opera\u00e7\u00f5es, somadas, podem acabar com a Caixa, uma vez que promover\u00e1 a descapitaliza\u00e7\u00e3o do banco e tirar\u00e1 uma das suas grandes fontes de receita\u201d, explicou coordenadora da CEE.<\/p>\n<h3>Ataques aos funcion\u00e1rios<\/h3>\n<p>\u201cO outro motivo das paralisa\u00e7\u00f5es \u00e9 o ass\u00e9dio institucional que existe na empresa e as metas desumanas. Os colegas s\u00e3o obrigados a trabalhar \u00e0 exaust\u00e3o sem serem valorizados. As condi\u00e7\u00f5es de trabalho s\u00e3o prec\u00e1rias e as pessoas t\u00eam medo tamb\u00e9m por conta da pandemia\u201d, disse Fabiana.<\/p>\n<p>A Caixa, por pura liberalidade, simplesmente\u00a0<a href=\"https:\/\/contrafcut.com.br\/noticias\/vipes-se-enrola-ao-tentar-justificar-plr-social-menor-na-caixa\" target=\"_blank\" rel=\"noopener noreferrer\">n\u00e3o pagou corretamente a PLR Social<\/a>\u00a0e sequer comunicou o fato aos empregados. \u201cOs trabalhadores perceberam e entraram em contato com os sindicatos, que fizeram os c\u00e1lculos e constataram a diferen\u00e7a de R$ 1.593,43 a menor\u201d, afirmou a dirigente sindical.<\/p>\n<h3>Ataques \u00e0 popula\u00e7\u00e3o<\/h3>\n<p>O estado de greve e a paralisa\u00e7\u00e3o tamb\u00e9m foram deflagrados para cobrar melhores condi\u00e7\u00f5es de trabalho e de atendimento \u00e0 popula\u00e7\u00e3o, por meio de mais contrata\u00e7\u00f5es, prote\u00e7\u00e3o contra a Covid-19 e vacina\u00e7\u00e3o priorit\u00e1ria para os empregados do banco.<\/p>\n<p>\u201cA cada ano vemos diminuir o n\u00famero de empregados para atender a popula\u00e7\u00e3o, mesmo com o estrondoso aumento de clientes do banco, o que acarreta superlota\u00e7\u00e3o das ag\u00eancias e as filas gigantescas que vemos retratadas pela imprensa. O banco, n\u00e3o \u00e0 toa, \u00e9 tido como foco de prolifera\u00e7\u00e3o da Covid-19\u201d, disse a coordenadora da CEE\/Caixa.<\/p>\n<p>Para se protegerem e evitar o cont\u00e1gio destes clientes, os empregados pedem que a dire\u00e7\u00e3o da Caixa negocie com o Governo Federal a\u00a0<a href=\"https:\/\/contrafcut.com.br\/noticias\/vacinacao-prioritaria-para-bancarios-ganha-apoio-de-parlamentares\/\" target=\"_blank\" rel=\"noopener noreferrer\">prioridade no Plano Nacional de Imuniza\u00e7\u00e3o<\/a>.<\/p>\n<p>\u201cOu seja, n\u00e3o faltam motivos para os empregados se mobilizarem e paralisarem suas atividades em protesto, pois os ataques promovidos pela dire\u00e7\u00e3o da Caixa e pelo Governo Federal prejudicam os funcion\u00e1rios, a popula\u00e7\u00e3o e o pa\u00eds, que corre o risco de perder o banco que atende a popula\u00e7\u00e3o nos momentos que ela mais precisa\u201d, concluiu.<\/p>\n<p><strong>Fonte: Contraf-CUT<\/strong><\/p>\n","protected":false},"excerpt":{"rendered":"<p>Empregados da Caixa Econ\u00f4mica Federal decidiram, na noite desta quinta-feira (22), decretar estado de greve e paralisar as atividades por 24h na pr\u00f3xima ter\u00e7a-feira (27). A delibera\u00e7\u00e3o foi tomada em assembleias com vota\u00e7\u00e3o eletr\u00f4nica realizadas por sindicatos de todo o pa\u00eds. \u201cO governo Bolsonaro est\u00e1 destruindo o pa\u00eds. Vemos, mais claramente, o que est\u00e1 acontecendo [&hellip;]<\/p>\n","protected":false},"author":2,"featured_media":10813,"comment_status":"","ping_status":"","sticky":false,"template":"","format":"standard","meta":{"footnotes":""},"categories":[3],"tags":[],"class_list":["post-10814","post","type-post","status-publish","format-standard","has-post-thumbnail","hentry","category-noticias"],"_links":{"self":[{"href":"https:\/\/hostnetart.com.br\/baixada\/wp-json\/wp\/v2\/posts\/10814","targetHints":{"allow":["GET"]}}],"collection":[{"href":"https:\/\/hostnetart.com.br\/baixada\/wp-json\/wp\/v2\/posts"}],"about":[{"href":"https:\/\/hostnetart.com.br\/baixada\/wp-json\/wp\/v2\/types\/post"}],"author":[{"embeddable":true,"href":"https:\/\/hostnetart.com.br\/baixada\/wp-json\/wp\/v2\/users\/2"}],"replies":[{"embeddable":true,"href":"https:\/\/hostnetart.com.br\/baixada\/wp-json\/wp\/v2\/comments?post=10814"}],"version-history":[{"count":0,"href":"https:\/\/hostnetart.com.br\/baixada\/wp-json\/wp\/v2\/posts\/10814\/revisions"}],"wp:featuredmedia":[{"embeddable":true,"href":"https:\/\/hostnetart.com.br\/baixada\/wp-json\/wp\/v2\/media\/10813"}],"wp:attachment":[{"href":"https:\/\/hostnetart.com.br\/baixada\/wp-json\/wp\/v2\/media?parent=10814"}],"wp:term":[{"taxonomy":"category","embeddable":true,"href":"https:\/\/hostnetart.com.br\/baixada\/wp-json\/wp\/v2\/categories?post=10814"},{"taxonomy":"post_tag","embeddable":true,"href":"https:\/\/hostnetart.com.br\/baixada\/wp-json\/wp\/v2\/tags?post=10814"}],"curies":[{"name":"wp","href":"https:\/\/api.w.org\/{rel}","templated":true}]}}