{"id":10812,"date":"2021-04-23T14:40:30","date_gmt":"2021-04-23T17:40:30","guid":{"rendered":"https:\/\/hostnetart.com.br\/baixada\/em-assembleia-bancarios-da-caixa-aprovam-estado-de-greve\/"},"modified":"2021-04-23T14:40:30","modified_gmt":"2021-04-23T17:40:30","slug":"em-assembleia-bancarios-da-caixa-aprovam-estado-de-greve","status":"publish","type":"post","link":"https:\/\/hostnetart.com.br\/baixada\/em-assembleia-bancarios-da-caixa-aprovam-estado-de-greve\/","title":{"rendered":"Em assembleia, banc\u00e1rios da Caixa aprovam estado de greve"},"content":{"rendered":"<p>Banc\u00e1rias e banc\u00e1rios da Caixa Econ\u00f4mica Federal da Baixada Fluminense, aprovaram a decreta\u00e7\u00e3o do estado de greve, em assembleia virtual realizada nesta quinta-feira, dia 22 de abril.<\/p>\n<p>Foram 91 votos: 83 votos\u00a0a favor (91,21%) e 6 votos contra (6,59%).<\/p>\n<p>O resultado \u00e9 uma resposta dos banc\u00e1rios, ap\u00f3s a dire\u00e7\u00e3o do banco anunciar a venda de a\u00e7\u00f5es do banco, que a privatiza\u00e7\u00e3o n\u00e3o ser\u00e1 bem vinda.<\/p>\n<p>O diretor do Sindicato dos Banc\u00e1rios da Baixada Fluminense e funcion\u00e1rio da Caixa, M\u00e1rcio Wanderley, ressaltou a for\u00e7a da categoria banc\u00e1ria:\u00a0&#8220;Esta assembleia demonstrou a nossa capacidade de unidade frente aos ataques que estamos recebendo deste governo neoliberal e ultrapassado. Estamos organizando uma live, na segunda-feira, para demonstrarmos a nossa unidade nacional de luta&#8221;.<\/p>\n<p><strong>Porque participar da luta na Caixa:<\/strong><\/p>\n<p>1\u00b0) A venda de a\u00e7\u00f5es da Caixa Seguridade consolida o projeto de privatiza\u00e7\u00e3o da Caixa Econ\u00f4mica em partes, abrindo m\u00e3o de importantes ativos do banco;<br \/>2\u00b0) A Caixa quer transformar os empregados em c\u00famplices da privatiza\u00e7\u00e3o. A estrat\u00e9gia \u00e9 seduzir o banc\u00e1rio a comprar a\u00e7\u00f5es e transform\u00e1-lo em agentes da privatiza\u00e7\u00e3o da pr\u00f3pria empresa;<br \/>3\u00ba) Comprando a\u00e7\u00f5es, o empregado contribuir\u00e1 para fechar o seu pr\u00f3prio posto de trabalho. Ou seja, fica com as a\u00e7\u00f5es, mas perde o emprego;<br \/>4\u00ba) A privatiza\u00e7\u00e3o da Caixa compromete o futuro de outros patrim\u00f4nios dos empregados, como o Sa\u00fade Caixa e a Funcef;<br \/>5\u00ba) O banco ainda est\u00e1 aproveitando o momento para impor metas. Cada ag\u00eancia deve vender parte das 450 milh\u00f5es de a\u00e7\u00f5es a serem abertas na bolsa no dia 29 de abril. Ou seja, como acionistas, os banc\u00e1rios ser\u00e3o ref\u00e9ns da pr\u00f3pria explora\u00e7\u00e3o.<\/p>\n","protected":false},"excerpt":{"rendered":"<p>Banc\u00e1rias e banc\u00e1rios da Caixa Econ\u00f4mica Federal da Baixada Fluminense, aprovaram a decreta\u00e7\u00e3o do estado de greve, em assembleia virtual realizada nesta quinta-feira, dia 22 de abril. Foram 91 votos: 83 votos\u00a0a favor (91,21%) e 6 votos contra (6,59%). O resultado \u00e9 uma resposta dos banc\u00e1rios, ap\u00f3s a dire\u00e7\u00e3o do banco anunciar a venda de [&hellip;]<\/p>\n","protected":false},"author":2,"featured_media":10811,"comment_status":"","ping_status":"","sticky":false,"template":"","format":"standard","meta":{"footnotes":""},"categories":[3],"tags":[],"class_list":["post-10812","post","type-post","status-publish","format-standard","has-post-thumbnail","hentry","category-noticias"],"_links":{"self":[{"href":"https:\/\/hostnetart.com.br\/baixada\/wp-json\/wp\/v2\/posts\/10812","targetHints":{"allow":["GET"]}}],"collection":[{"href":"https:\/\/hostnetart.com.br\/baixada\/wp-json\/wp\/v2\/posts"}],"about":[{"href":"https:\/\/hostnetart.com.br\/baixada\/wp-json\/wp\/v2\/types\/post"}],"author":[{"embeddable":true,"href":"https:\/\/hostnetart.com.br\/baixada\/wp-json\/wp\/v2\/users\/2"}],"replies":[{"embeddable":true,"href":"https:\/\/hostnetart.com.br\/baixada\/wp-json\/wp\/v2\/comments?post=10812"}],"version-history":[{"count":0,"href":"https:\/\/hostnetart.com.br\/baixada\/wp-json\/wp\/v2\/posts\/10812\/revisions"}],"wp:featuredmedia":[{"embeddable":true,"href":"https:\/\/hostnetart.com.br\/baixada\/wp-json\/wp\/v2\/media\/10811"}],"wp:attachment":[{"href":"https:\/\/hostnetart.com.br\/baixada\/wp-json\/wp\/v2\/media?parent=10812"}],"wp:term":[{"taxonomy":"category","embeddable":true,"href":"https:\/\/hostnetart.com.br\/baixada\/wp-json\/wp\/v2\/categories?post=10812"},{"taxonomy":"post_tag","embeddable":true,"href":"https:\/\/hostnetart.com.br\/baixada\/wp-json\/wp\/v2\/tags?post=10812"}],"curies":[{"name":"wp","href":"https:\/\/api.w.org\/{rel}","templated":true}]}}