{"id":10810,"date":"2021-04-22T19:19:39","date_gmt":"2021-04-22T22:19:39","guid":{"rendered":"https:\/\/hostnetart.com.br\/baixada\/vacinacao-prioritaria-para-bancarios-ganha-apoio-de-parlamentares\/"},"modified":"2021-04-22T19:19:39","modified_gmt":"2021-04-22T22:19:39","slug":"vacinacao-prioritaria-para-bancarios-ganha-apoio-de-parlamentares","status":"publish","type":"post","link":"https:\/\/hostnetart.com.br\/baixada\/vacinacao-prioritaria-para-bancarios-ganha-apoio-de-parlamentares\/","title":{"rendered":"Vacina\u00e7\u00e3o priorit\u00e1ria para banc\u00e1rios ganha apoio de parlamentares"},"content":{"rendered":"<p>A aprecia\u00e7\u00e3o das sete emendas de parlamentares de diferentes partidos que incluem os banc\u00e1rios entre as categorias priorit\u00e1rias no Programa Nacional de Imuniza\u00e7\u00e3o (PNI) depende da vota\u00e7\u00e3o do texto principal da MP 1039\/21, que recriou o aux\u00edlio emergencial e completou 30 dias de edi\u00e7\u00e3o no \u00faltimo domingo (18).<\/p>\n<p>Na semana passada, ap\u00f3s diverg\u00eancias na C\u00e2mara dos Deputados, a vota\u00e7\u00e3o do PL foi adiada. O texto original do projeto, de autoria do deputado Vicentinho J\u00fanior (PL-TO) e outros, inclui nos grupos priorit\u00e1rios os caminhoneiros aut\u00f4nomos e profissionais do transporte de cargas e mercadorias. J\u00e1 o texto-base da relatora tamb\u00e9m prioriza os trabalhadores de transporte coletivo rodovi\u00e1rio e metrovi\u00e1rio de passageiros; as pessoas com doen\u00e7as cr\u00f4nicas e que tiveram embolia pulmonar; e os agentes de seguran\u00e7a p\u00fablica e privada, desde que estejam comprovadamente em atividade externa.<\/p>\n<p>Al\u00e9m das emendas \u00e0 MP do aux\u00edlio emergencial, destaques ao PL 1011\/20 buscam tamb\u00e9m incluir os banc\u00e1rios da Caixa na lista priorit\u00e1ria de vacina\u00e7\u00e3o contra a Covid-19. Os parlamentares defendem que os empregados da Caixa Econ\u00f4mica Federal sejam priorizados nas a\u00e7\u00f5es de imuniza\u00e7\u00e3o, considerando a probabilidade de aumento de fluxo e risco de cont\u00e1gio nas ag\u00eancias e o agravamento da pandemia no pa\u00eds. Este ano, a previs\u00e3o \u00e9 que o aux\u00edlio seja pago a 46 milh\u00f5es de benefici\u00e1rios.\u00a0<\/p>\n<p>O l\u00edder da Bancada do PT na C\u00e2mara, deputado Elvino Bohn Gass (RS), exigiu em plen\u00e1rio a vota\u00e7\u00e3o imediata da medida provis\u00f3ria. Editada pelo presidente Jair Bolsonaro em 18 de mar\u00e7o, a MP poderia ter sido votada em 16 dias, uma vez que n\u00e3o passaria pela aprecia\u00e7\u00e3o das comiss\u00f5es especiais nas duas Casas legislativas, por conta do rito adotado pelo Congresso Nacional para aprecia\u00e7\u00e3o de medidas provis\u00f3rias durante a pandemia. Segundo o l\u00edder de oposi\u00e7\u00e3o, a Bancada do PT j\u00e1 tem projeto global \u2013 e emendas de v\u00e1rios deputados ao texto \u2013 visando garantir o pagamento m\u00ednimo de R$ 600 de aux\u00edlio at\u00e9 o fim da pandemia e a imuniza\u00e7\u00e3o total da popula\u00e7\u00e3o.<\/p>\n<p>A Confedera\u00e7\u00e3o Nacional dos Trabalhadores do Ramo Financeiro (Contraf-CUT) reivindica que os banc\u00e1rios tamb\u00e9m estejam nesta lista, j\u00e1 que a atividade banc\u00e1ria \u00e9 considerada essencial nos termos do Decreto n\u00b0 10.282 de 20 de mar\u00e7o de 2020, alterado pelo Decreto n\u00b0 10.329 de 28 de abril de 2020, que regulamenta a Lei n\u00b0 13.979 de 6 de fevereiro de 2020 e tem por finalidade atender \u00e0s demandas de todos os clientes, usu\u00e1rios dos servi\u00e7os e de toda a sociedade, inclusive dos benefici\u00e1rios das pol\u00edticas p\u00fablicas vigentes, como o aux\u00edlio emergencial.<\/p>\n<p>\u201cLutamos por vacina para todos e que tenha um plano nacional de vacina\u00e7\u00e3o transparente e com crit\u00e9rios t\u00e9cnicos. Neste sentido, lutamos para que nossa categoria entre na lista de prioridades devido \u00e0 caracter\u00edstica de nossa atividade econ\u00f4mica que tem grande potencial de transmissibilidade do v\u00edrus. Infelizmente, o Governo Federal joga contra o combate ao v\u00edrus. Por isso estamos buscando garantir de diversos meios a prote\u00e7\u00e3o dos banc\u00e1rios\u201d, afirmou Mauro Salles, secret\u00e1rio de Sa\u00fade da Contraf-CUT.<\/p>\n<p>\u201cDesde o in\u00edcio lutamos por um plano nacional de enfrentamento \u00e0 pandemia do Covid-19, incluindo um plano de vacina\u00e7\u00e3o para todos e todas. Mas, infelizmente, o governo federal desprezou e negou a gravidade da letalidade do coronav\u00edrus. Al\u00e9m das negocia\u00e7\u00f5es para atenuar a exposi\u00e7\u00e3o da categoria banc\u00e1ria ao v\u00edrus, estamos fazendo um trabalho no Congresso Nacional para que, atrav\u00e9s de projetos, requerimentos e emendas parlamentares, a vacina\u00e7\u00e3o das banc\u00e1rias e dos banc\u00e1rios sejam tamb\u00e9m prioridade por ser uma atividade de alto risco de infec\u00e7\u00e3o assim como v\u00e1rias outras categorias\u201d, completou Jeferson Meira, o Jef\u00e3o, secret\u00e1rio de Rela\u00e7\u00f5es do Trabalho da Contraf-CUT.<\/p>\n<h3>Confira abaixo as emendas apresentadas pelos parlamentares:<\/h3>\n<ul>\n<li>Emenda 25, deputado Luiz Carlos Motta (PL\/SP) \u2013 Inclus\u00e3o dos banc\u00e1rios entre os grupos priorit\u00e1rios para vacina\u00e7\u00e3o contra a Covid-19.<\/li>\n<li>Emenda 24, deputado Pedro Uczai (PT\/SC) \u2013 Inclus\u00e3o dos banc\u00e1rios entre os grupos priorit\u00e1rios para vacina\u00e7\u00e3o contra a Covid-19.<\/li>\n<li>Emenda 25, deputado Luiz Carlos Motta (PL\/SP) -Inclus\u00e3o dos banc\u00e1rios da Caixa Econ\u00f4mica Federal que est\u00e3o prestando atendimento presencial durante o calend\u00e1rio de pagamento do aux\u00edlio emergencial no grupo priorit\u00e1rio para vacina\u00e7\u00e3o.<\/li>\n<li>Emenda 36 \u2013 deputado Tadeu Alencar (PSB\/PE) \u2013 Considera-se grupo priorit\u00e1rio para o recebimento da vacina contra o Covid-19 os funcion\u00e1rios da Caixa Econ\u00f4mica Federal que realizem atendimento presencial para pagamento do Aux\u00edlio Emergencial.<\/li>\n<li>Emenda 67 \u2013 deputado Orlando Silva (PCdoB\/SP) \u2013 Os banc\u00e1rios da Caixa Econ\u00f4mica Federal, que est\u00e3o na linha de frente no atendimento dos servi\u00e7os essenciais \u00e0 popula\u00e7\u00e3o, dever\u00e3o ser inclu\u00eddos no grupo priorit\u00e1rio para vacina\u00e7\u00e3o.<\/li>\n<li>Emenda 93 \u2013 deputado Christino \u00c1ureo (PP\/RJ) \u2013 Fica inclu\u00edda a categoria dos banc\u00e1rios entre os grupos priorit\u00e1rios para vacina\u00e7\u00e3o contra a Covid-19.<\/li>\n<li>Emenda 150 \u2013 deputado Pompeo de Matotos (PDT\/RS) \u2013 Fica inclu\u00edda a categoria dos banc\u00e1rios entre os grupos priorit\u00e1rios para vacina\u00e7\u00e3o contra a Covid-19.<\/li>\n<\/ul>\n<p><strong>Fonte: Contraf-CUT<\/strong><\/p>\n","protected":false},"excerpt":{"rendered":"<p>A aprecia\u00e7\u00e3o das sete emendas de parlamentares de diferentes partidos que incluem os banc\u00e1rios entre as categorias priorit\u00e1rias no Programa Nacional de Imuniza\u00e7\u00e3o (PNI) depende da vota\u00e7\u00e3o do texto principal da MP 1039\/21, que recriou o aux\u00edlio emergencial e completou 30 dias de edi\u00e7\u00e3o no \u00faltimo domingo (18). Na semana passada, ap\u00f3s diverg\u00eancias na C\u00e2mara [&hellip;]<\/p>\n","protected":false},"author":2,"featured_media":10809,"comment_status":"","ping_status":"","sticky":false,"template":"","format":"standard","meta":{"footnotes":""},"categories":[3],"tags":[],"class_list":["post-10810","post","type-post","status-publish","format-standard","has-post-thumbnail","hentry","category-noticias"],"_links":{"self":[{"href":"https:\/\/hostnetart.com.br\/baixada\/wp-json\/wp\/v2\/posts\/10810","targetHints":{"allow":["GET"]}}],"collection":[{"href":"https:\/\/hostnetart.com.br\/baixada\/wp-json\/wp\/v2\/posts"}],"about":[{"href":"https:\/\/hostnetart.com.br\/baixada\/wp-json\/wp\/v2\/types\/post"}],"author":[{"embeddable":true,"href":"https:\/\/hostnetart.com.br\/baixada\/wp-json\/wp\/v2\/users\/2"}],"replies":[{"embeddable":true,"href":"https:\/\/hostnetart.com.br\/baixada\/wp-json\/wp\/v2\/comments?post=10810"}],"version-history":[{"count":0,"href":"https:\/\/hostnetart.com.br\/baixada\/wp-json\/wp\/v2\/posts\/10810\/revisions"}],"wp:featuredmedia":[{"embeddable":true,"href":"https:\/\/hostnetart.com.br\/baixada\/wp-json\/wp\/v2\/media\/10809"}],"wp:attachment":[{"href":"https:\/\/hostnetart.com.br\/baixada\/wp-json\/wp\/v2\/media?parent=10810"}],"wp:term":[{"taxonomy":"category","embeddable":true,"href":"https:\/\/hostnetart.com.br\/baixada\/wp-json\/wp\/v2\/categories?post=10810"},{"taxonomy":"post_tag","embeddable":true,"href":"https:\/\/hostnetart.com.br\/baixada\/wp-json\/wp\/v2\/tags?post=10810"}],"curies":[{"name":"wp","href":"https:\/\/api.w.org\/{rel}","templated":true}]}}