{"id":10806,"date":"2021-04-22T16:55:48","date_gmt":"2021-04-22T19:55:48","guid":{"rendered":"https:\/\/hostnetart.com.br\/baixada\/depois-de-pressao-promocao-por-merito-sera-paga-em-30-de-abril-aos-empregados-da-caixa\/"},"modified":"2021-04-22T16:55:48","modified_gmt":"2021-04-22T19:55:48","slug":"depois-de-pressao-promocao-por-merito-sera-paga-em-30-de-abril-aos-empregados-da-caixa","status":"publish","type":"post","link":"https:\/\/hostnetart.com.br\/baixada\/depois-de-pressao-promocao-por-merito-sera-paga-em-30-de-abril-aos-empregados-da-caixa\/","title":{"rendered":"Depois de press\u00e3o, Promo\u00e7\u00e3o por M\u00e9rito ser\u00e1 paga em 30 de abril aos empregados da Caixa"},"content":{"rendered":"<p>Em resposta ao questionamento feito pela Comiss\u00e3o Executiva de Empregados (CEE) da Caixa sobre o pagamento dos deltas (promo\u00e7\u00e3o por progress\u00e3o na carreira) da promo\u00e7\u00e3o por m\u00e9rito de 2020, a Vice-presid\u00eancia de Pessoas (Vipes) informou que o pagamento ser\u00e1 feito at\u00e9 o dia 30 de abril.<\/p>\n<p>\u201cSe \u00e9 algo que j\u00e1 era previs\u00edvel, por que gerar essa ansiedade entre os colegas? Muito estranho. Estamos acompanhando para exigir o que foi negociado\u201d, alerta a coordenadora da CEE\/Caixa, Fabiana Uehara Proscholdt, que tamb\u00e9m \u00e9 secret\u00e1ria da Cultura da Confedera\u00e7\u00e3o Nacional dos Trabalhadores do Ramo Financeiro (Contraf-CUT).<\/p>\n<p>Ap\u00f3s um longo debate, que durou meses, entre a Comiss\u00e3o Parit\u00e1ria da Promo\u00e7\u00e3o por M\u00e9rito, com representantes dos empregados e da Caixa, houve um consenso de distribui\u00e7\u00e3o linear de um delta para todos os empregados que n\u00e3o possuem impedimentos em 2020 previstos no RH 176.<\/p>\n<p>Anteriormente, a Caixa havia proposto a implementa\u00e7\u00e3o da Gest\u00e3o de Desempenho de Pessoas (GDP) como crit\u00e9rio absoluto para avalia\u00e7\u00e3o da Promo\u00e7\u00e3o por M\u00e9rito referente ao ano de 2020. Depois de quatro propostas, os representantes dos empregados conseguiram fazer a Caixa ceder em alguns pontos e o delta ser\u00e1 distribu\u00eddo a todos os empregados que n\u00e3o possuem os impedimentos a seguir. Vale ressaltar, ainda, que o delta n\u00e3o \u00e9 retroativo.<\/p>\n<p>Os representantes dos empregados na Comiss\u00e3o j\u00e1 pediram \u00e0 Caixa uma reuni\u00e3o para iniciar os debates dos crit\u00e9rios da Promo\u00e7\u00e3o por M\u00e9rito referente a 2021.<\/p>\n<h3>Confira como ficou:<\/h3>\n<p><strong>1\u00ba delta: distribui\u00e7\u00e3o de um delta linear para todos os empregados eleg\u00edveis e que n\u00e3o possuem impedimentos em 2020, previstos no RH 176.<\/strong><\/p>\n<p><em>Os empregados n\u00e3o devem apresentar as situa\u00e7\u00f5es abaixo:<\/em><\/p>\n<ul>\n<li>\u2013 Menos de 180 dias de efetivo exerc\u00edcio;<\/li>\n<li>\u2013 Aplica\u00e7\u00e3o de penalidade de suspens\u00e3o;<\/li>\n<li>\u2013 Censura \u00e9tica;<\/li>\n<li>\u2013 Advert\u00eancia, tendo recebido outra nos \u00faltimos cinco anos;<\/li>\n<li>\u2013 Contrato de trabalho suspenso;<\/li>\n<li>\u2013 Contrato de trabalho extinto;<\/li>\n<li>\u2013 Faltas n\u00e3o justificadas.<\/li>\n<\/ul>\n<p><strong>2\u00ba delta: distribu\u00eddo para os empregados que estiverem enquadrados no Resultado Excepcional, at\u00e9 o limite or\u00e7ament\u00e1rio.<\/strong><\/p>\n<p><em>Em caso de empate, utilizam-se os crit\u00e9rios de desempate:<\/em><\/p>\n<ul>\n<li>\u2013 Maior nota no eixo Resultado;<\/li>\n<li>\u2013 Maior nota no eixo Estilo;<\/li>\n<li>\u2013 Maior nota no bloco Compet\u00eancias;<\/li>\n<li>\u2013 Maior nota no bloco Capacita\u00e7\u00f5es;<\/li>\n<li>\u2013 Maior tempo de Caixa;<\/li>\n<li>\u2013 Maior Idade.<\/li>\n<\/ul>\n<p><span style=\"text-decoration: underline;\"><strong>Fonte: Contraf-CUT<\/strong><\/span><\/p>\n","protected":false},"excerpt":{"rendered":"<p>Em resposta ao questionamento feito pela Comiss\u00e3o Executiva de Empregados (CEE) da Caixa sobre o pagamento dos deltas (promo\u00e7\u00e3o por progress\u00e3o na carreira) da promo\u00e7\u00e3o por m\u00e9rito de 2020, a Vice-presid\u00eancia de Pessoas (Vipes) informou que o pagamento ser\u00e1 feito at\u00e9 o dia 30 de abril. \u201cSe \u00e9 algo que j\u00e1 era previs\u00edvel, por que [&hellip;]<\/p>\n","protected":false},"author":2,"featured_media":10805,"comment_status":"","ping_status":"","sticky":false,"template":"","format":"standard","meta":{"footnotes":""},"categories":[3],"tags":[],"class_list":["post-10806","post","type-post","status-publish","format-standard","has-post-thumbnail","hentry","category-noticias"],"_links":{"self":[{"href":"https:\/\/hostnetart.com.br\/baixada\/wp-json\/wp\/v2\/posts\/10806","targetHints":{"allow":["GET"]}}],"collection":[{"href":"https:\/\/hostnetart.com.br\/baixada\/wp-json\/wp\/v2\/posts"}],"about":[{"href":"https:\/\/hostnetart.com.br\/baixada\/wp-json\/wp\/v2\/types\/post"}],"author":[{"embeddable":true,"href":"https:\/\/hostnetart.com.br\/baixada\/wp-json\/wp\/v2\/users\/2"}],"replies":[{"embeddable":true,"href":"https:\/\/hostnetart.com.br\/baixada\/wp-json\/wp\/v2\/comments?post=10806"}],"version-history":[{"count":0,"href":"https:\/\/hostnetart.com.br\/baixada\/wp-json\/wp\/v2\/posts\/10806\/revisions"}],"wp:featuredmedia":[{"embeddable":true,"href":"https:\/\/hostnetart.com.br\/baixada\/wp-json\/wp\/v2\/media\/10805"}],"wp:attachment":[{"href":"https:\/\/hostnetart.com.br\/baixada\/wp-json\/wp\/v2\/media?parent=10806"}],"wp:term":[{"taxonomy":"category","embeddable":true,"href":"https:\/\/hostnetart.com.br\/baixada\/wp-json\/wp\/v2\/categories?post=10806"},{"taxonomy":"post_tag","embeddable":true,"href":"https:\/\/hostnetart.com.br\/baixada\/wp-json\/wp\/v2\/tags?post=10806"}],"curies":[{"name":"wp","href":"https:\/\/api.w.org\/{rel}","templated":true}]}}