{"id":10804,"date":"2021-04-22T13:41:31","date_gmt":"2021-04-22T16:41:31","guid":{"rendered":"https:\/\/hostnetart.com.br\/baixada\/bancarios-do-itau-podem-se-vacinar-contra-gripe-h1n1-ate-dia-30\/"},"modified":"2021-04-22T13:41:31","modified_gmt":"2021-04-22T16:41:31","slug":"bancarios-do-itau-podem-se-vacinar-contra-gripe-h1n1-ate-dia-30","status":"publish","type":"post","link":"https:\/\/hostnetart.com.br\/baixada\/bancarios-do-itau-podem-se-vacinar-contra-gripe-h1n1-ate-dia-30\/","title":{"rendered":"Banc\u00e1rios do Ita\u00fa podem se vacinar contra gripe H1N1 at\u00e9 dia 30"},"content":{"rendered":"<p>Os banc\u00e1rios do Ita\u00fa de todo o Brasil podem se vacinar contra a gripe H1N1 at\u00e9 o dia 30 de abril. A vacina\u00e7\u00e3o come\u00e7ou na segunda-feira (19). Este ano, os trabalhadores ter\u00e3o duas op\u00e7\u00f5es de atendimento: drive thru, nos estacionamentos dos polos; e balc\u00f5es de atendimento para pedestres. Para ambos ser\u00e1 necess\u00e1rio agendamento atrav\u00e9s do UIConecta.<\/p>\n<p>No atendimento drive thru, a vacina ser\u00e1 aplicada no estacionamento, sem a necessidade de sair do carro. Ser\u00e1 permitida a entrada de ve\u00edculo pr\u00f3prio, t\u00e1xi, e carro de aplicativo, mediante apresenta\u00e7\u00e3o do crach\u00e1. Na vacina\u00e7\u00e3o para pedestres, o trabalhador dever\u00e1 dirigir-se ao local indicado e apresentar o crach\u00e1.<\/p>\n<p>O empregado dever\u00e1 se dirigir ao polo mais pr\u00f3ximo da sua resid\u00eancia, e n\u00e3o necessariamente no polo em que est\u00e1 lotado. A novidade esse ano \u00e9 que, no ato da vacina\u00e7\u00e3o, o trabalhador poder\u00e1 doar alimentos n\u00e3o perec\u00edveis e itens de higiene e limpeza.<\/p>\n<p>Na rede de ag\u00eancias f\u00edsicas ser\u00e1 mantida a pr\u00e1tica de vacina\u00e7\u00e3o no pr\u00f3prio local, na qual a vacinadora comparece na unidade na data programada. Nos pontos administrativos, os locais ser\u00e3o informados pelos sindicatos.<\/p>\n<p>Onde n\u00e3o houver cronograma de vacina\u00e7\u00e3o ou, se o funcion\u00e1rio perder a data de vacina\u00e7\u00e3o nos locais de trabalho, pode recorrer \u00e0s cl\u00ednicas conveniadas para tomar vacina.<\/p>\n<p><strong>Fonte: Contraf-CUT<\/strong><\/p>\n","protected":false},"excerpt":{"rendered":"<p>Os banc\u00e1rios do Ita\u00fa de todo o Brasil podem se vacinar contra a gripe H1N1 at\u00e9 o dia 30 de abril. A vacina\u00e7\u00e3o come\u00e7ou na segunda-feira (19). Este ano, os trabalhadores ter\u00e3o duas op\u00e7\u00f5es de atendimento: drive thru, nos estacionamentos dos polos; e balc\u00f5es de atendimento para pedestres. Para ambos ser\u00e1 necess\u00e1rio agendamento atrav\u00e9s do [&hellip;]<\/p>\n","protected":false},"author":2,"featured_media":10803,"comment_status":"","ping_status":"","sticky":false,"template":"","format":"standard","meta":{"footnotes":""},"categories":[3],"tags":[],"class_list":["post-10804","post","type-post","status-publish","format-standard","has-post-thumbnail","hentry","category-noticias"],"_links":{"self":[{"href":"https:\/\/hostnetart.com.br\/baixada\/wp-json\/wp\/v2\/posts\/10804","targetHints":{"allow":["GET"]}}],"collection":[{"href":"https:\/\/hostnetart.com.br\/baixada\/wp-json\/wp\/v2\/posts"}],"about":[{"href":"https:\/\/hostnetart.com.br\/baixada\/wp-json\/wp\/v2\/types\/post"}],"author":[{"embeddable":true,"href":"https:\/\/hostnetart.com.br\/baixada\/wp-json\/wp\/v2\/users\/2"}],"replies":[{"embeddable":true,"href":"https:\/\/hostnetart.com.br\/baixada\/wp-json\/wp\/v2\/comments?post=10804"}],"version-history":[{"count":0,"href":"https:\/\/hostnetart.com.br\/baixada\/wp-json\/wp\/v2\/posts\/10804\/revisions"}],"wp:featuredmedia":[{"embeddable":true,"href":"https:\/\/hostnetart.com.br\/baixada\/wp-json\/wp\/v2\/media\/10803"}],"wp:attachment":[{"href":"https:\/\/hostnetart.com.br\/baixada\/wp-json\/wp\/v2\/media?parent=10804"}],"wp:term":[{"taxonomy":"category","embeddable":true,"href":"https:\/\/hostnetart.com.br\/baixada\/wp-json\/wp\/v2\/categories?post=10804"},{"taxonomy":"post_tag","embeddable":true,"href":"https:\/\/hostnetart.com.br\/baixada\/wp-json\/wp\/v2\/tags?post=10804"}],"curies":[{"name":"wp","href":"https:\/\/api.w.org\/{rel}","templated":true}]}}