{"id":10800,"date":"2021-04-20T03:16:55","date_gmt":"2021-04-20T06:16:55","guid":{"rendered":"https:\/\/hostnetart.com.br\/baixada\/feriados-dos-dias-21-e-23-de-abril-no-estado-do-rio-de-janeiro-estao-mantidos\/"},"modified":"2021-04-20T03:16:55","modified_gmt":"2021-04-20T06:16:55","slug":"feriados-dos-dias-21-e-23-de-abril-no-estado-do-rio-de-janeiro-estao-mantidos","status":"publish","type":"post","link":"https:\/\/hostnetart.com.br\/baixada\/feriados-dos-dias-21-e-23-de-abril-no-estado-do-rio-de-janeiro-estao-mantidos\/","title":{"rendered":"Feriados dos dias 21 e 23 de abril no Estado do Rio de Janeiro est\u00e3o mantidos"},"content":{"rendered":"<p>Os feriados dos dias 21 e 23 de abril para a categoria banc\u00e1ria est\u00e3o mantidos.<\/p>\n<p>O servi\u00e7o banc\u00e1rio, mesmo classificado como essencial, n\u00e3o foi inclu\u00eddo no \u201csuperferiad\u00e3o\u201d, decretado pelo\u00a0Governo do Estado do Rio de Janeiro.<\/p>\n<p>O movimento sindical segue na luta pela inclus\u00e3o da categoria como priorit\u00e1ria no Plano Nacional de Vacina\u00e7\u00e3o.<\/p>\n","protected":false},"excerpt":{"rendered":"<p>Os feriados dos dias 21 e 23 de abril para a categoria banc\u00e1ria est\u00e3o mantidos. O servi\u00e7o banc\u00e1rio, mesmo classificado como essencial, n\u00e3o foi inclu\u00eddo no \u201csuperferiad\u00e3o\u201d, decretado pelo\u00a0Governo do Estado do Rio de Janeiro. O movimento sindical segue na luta pela inclus\u00e3o da categoria como priorit\u00e1ria no Plano Nacional de Vacina\u00e7\u00e3o.<\/p>\n","protected":false},"author":2,"featured_media":10799,"comment_status":"","ping_status":"","sticky":false,"template":"","format":"standard","meta":{"footnotes":""},"categories":[3],"tags":[],"class_list":["post-10800","post","type-post","status-publish","format-standard","has-post-thumbnail","hentry","category-noticias"],"_links":{"self":[{"href":"https:\/\/hostnetart.com.br\/baixada\/wp-json\/wp\/v2\/posts\/10800","targetHints":{"allow":["GET"]}}],"collection":[{"href":"https:\/\/hostnetart.com.br\/baixada\/wp-json\/wp\/v2\/posts"}],"about":[{"href":"https:\/\/hostnetart.com.br\/baixada\/wp-json\/wp\/v2\/types\/post"}],"author":[{"embeddable":true,"href":"https:\/\/hostnetart.com.br\/baixada\/wp-json\/wp\/v2\/users\/2"}],"replies":[{"embeddable":true,"href":"https:\/\/hostnetart.com.br\/baixada\/wp-json\/wp\/v2\/comments?post=10800"}],"version-history":[{"count":0,"href":"https:\/\/hostnetart.com.br\/baixada\/wp-json\/wp\/v2\/posts\/10800\/revisions"}],"wp:featuredmedia":[{"embeddable":true,"href":"https:\/\/hostnetart.com.br\/baixada\/wp-json\/wp\/v2\/media\/10799"}],"wp:attachment":[{"href":"https:\/\/hostnetart.com.br\/baixada\/wp-json\/wp\/v2\/media?parent=10800"}],"wp:term":[{"taxonomy":"category","embeddable":true,"href":"https:\/\/hostnetart.com.br\/baixada\/wp-json\/wp\/v2\/categories?post=10800"},{"taxonomy":"post_tag","embeddable":true,"href":"https:\/\/hostnetart.com.br\/baixada\/wp-json\/wp\/v2\/tags?post=10800"}],"curies":[{"name":"wp","href":"https:\/\/api.w.org\/{rel}","templated":true}]}}