{"id":1080,"date":"2014-04-29T00:00:00","date_gmt":"2014-04-29T03:00:00","guid":{"rendered":"https:\/\/hostnetart.com.br\/baixada\/contraf-cut-alerta-bb-que-bancarios-nao-precisam-zerar-folgas-ate-dia-30\/"},"modified":"2014-04-29T00:00:00","modified_gmt":"2014-04-29T03:00:00","slug":"contraf-cut-alerta-bb-que-bancarios-nao-precisam-zerar-folgas-ate-dia-30","status":"publish","type":"post","link":"https:\/\/hostnetart.com.br\/baixada\/contraf-cut-alerta-bb-que-bancarios-nao-precisam-zerar-folgas-ate-dia-30\/","title":{"rendered":"Contraf-CUT alerta BB que banc\u00e1rios n\u00e3o precisam zerar folgas at\u00e9 dia 30"},"content":{"rendered":"<p>A Contraf-CUT enviou nesta segunda-feira (28) of\u00edcio ao presidente do Banco do Brasil, Aldemir Bendine, criticando a decis\u00e3o arbitr\u00e1ria da Diretoria de Pessoas (Dipes), que deu ordem aos administradores do BB para que fa\u00e7am os funcion\u00e1rios utilizarem as suas folgas at\u00e9 o dia 30 de abril, contrariando o que est\u00e1 previsto na cl\u00e1usula 39\u00aa do Acordo Coletivo de Trabalho (ACT) do BB, aditivo \u00e0 Conven\u00e7\u00e3o Coletiva de Trabalho (CCT).<\/p>\n<p>&gt; Clique\u00a0<a href=\"http:\/\/www.contrafcut.org.br\/download\/Arquivo\/14428222843.PDF\" target=\"_blank\" rel=\"noopener noreferrer\">aqui<\/a>\u00a0para ler a \u00edntegra da carta ao BB.<\/p>\n<p>Enviada com c\u00f3pia ao vice-presidente Robson Rocha e ao diretor Carlos Eduardo Neri, a carta ressalta que a norma coletiva prev\u00ea que o banco precisa consultar o funcion\u00e1rio para saber se ele concorda com a convers\u00e3o em esp\u00e9cie de seu saldo de folgas. \u201cEm nenhum par\u00e1grafo ou inciso consta o direito do banco de zerar o saldo de folgas sem consulta e consentimento do funcion\u00e1rio\u201d, salienta Carlos Cordeiro, presidente da Contraf-CUT.<\/p>\n<p>Na correspond\u00eancia, a Contraf-CUT destaca tamb\u00e9m a preocupa\u00e7\u00e3o com o fato de setores da dire\u00e7\u00e3o do BB incentivarem o n\u00e3o cumprimento do acordo coletivo ou, mais grave ainda, \u201cdar instru\u00e7\u00f5es no sentido contr\u00e1rio ao que est\u00e1 acordado entre as partes, vindo a causar um grande preju\u00edzo de imagem e de respeitabilidade \u00e0s negocia\u00e7\u00f5es coletivas entre o banco e as entidades representativas dos trabalhadores, haja vista que a mesa de negocia\u00e7\u00e3o dos banc\u00e1rios \u00e9 uma das mais respeitadas do pa\u00eds por sua abrang\u00eancia, antiguidade e legitimidade.\u201d<\/p>\n<p>Para William Mendes, secret\u00e1rio de Forma\u00e7\u00e3o da Contraf-CUT e coordenador da Comiss\u00e3o de Empresa dos Funcion\u00e1rios do BB, \u201ca orienta\u00e7\u00e3o da Dipes n\u00e3o est\u00e1 em conson\u00e2ncia com o negociado e contratado com as entidades sindicais no acordo coletivo do BB. Esperamos que o banco volte atr\u00e1s e respeite o direito dos funcion\u00e1rios sobre a melhor forma de utiliza\u00e7\u00e3o de suas folgas\u201d.<\/p>\n<p>Fonte: Contraf-CUT<\/p>\n","protected":false},"excerpt":{"rendered":"<p>A Contraf-CUT enviou nesta segunda-feira (28) of\u00edcio ao presidente do Banco do Brasil, Aldemir Bendine, criticando a decis\u00e3o arbitr\u00e1ria da Diretoria de Pessoas (Dipes), que deu ordem aos administradores do BB para que fa\u00e7am os funcion\u00e1rios utilizarem as suas folgas at\u00e9 o dia 30 de abril, contrariando o que est\u00e1 previsto na cl\u00e1usula 39\u00aa do [&hellip;]<\/p>\n","protected":false},"author":1,"featured_media":0,"comment_status":"","ping_status":"","sticky":false,"template":"","format":"standard","meta":{"footnotes":""},"categories":[3],"tags":[],"class_list":["post-1080","post","type-post","status-publish","format-standard","hentry","category-noticias"],"_links":{"self":[{"href":"https:\/\/hostnetart.com.br\/baixada\/wp-json\/wp\/v2\/posts\/1080","targetHints":{"allow":["GET"]}}],"collection":[{"href":"https:\/\/hostnetart.com.br\/baixada\/wp-json\/wp\/v2\/posts"}],"about":[{"href":"https:\/\/hostnetart.com.br\/baixada\/wp-json\/wp\/v2\/types\/post"}],"author":[{"embeddable":true,"href":"https:\/\/hostnetart.com.br\/baixada\/wp-json\/wp\/v2\/users\/1"}],"replies":[{"embeddable":true,"href":"https:\/\/hostnetart.com.br\/baixada\/wp-json\/wp\/v2\/comments?post=1080"}],"version-history":[{"count":0,"href":"https:\/\/hostnetart.com.br\/baixada\/wp-json\/wp\/v2\/posts\/1080\/revisions"}],"wp:attachment":[{"href":"https:\/\/hostnetart.com.br\/baixada\/wp-json\/wp\/v2\/media?parent=1080"}],"wp:term":[{"taxonomy":"category","embeddable":true,"href":"https:\/\/hostnetart.com.br\/baixada\/wp-json\/wp\/v2\/categories?post=1080"},{"taxonomy":"post_tag","embeddable":true,"href":"https:\/\/hostnetart.com.br\/baixada\/wp-json\/wp\/v2\/tags?post=1080"}],"curies":[{"name":"wp","href":"https:\/\/api.w.org\/{rel}","templated":true}]}}