{"id":10798,"date":"2021-04-20T03:16:09","date_gmt":"2021-04-20T06:16:09","guid":{"rendered":"https:\/\/hostnetart.com.br\/baixada\/contraf-cut-solicita-reuniao-com-presidente-do-banco-do-brasil\/"},"modified":"2021-04-20T03:16:09","modified_gmt":"2021-04-20T06:16:09","slug":"contraf-cut-solicita-reuniao-com-presidente-do-banco-do-brasil","status":"publish","type":"post","link":"https:\/\/hostnetart.com.br\/baixada\/contraf-cut-solicita-reuniao-com-presidente-do-banco-do-brasil\/","title":{"rendered":"Contraf-CUT solicita reuni\u00e3o com presidente do Banco do Brasil"},"content":{"rendered":"<p>A Confedera\u00e7\u00e3o Nacional dos Trabalhadores do Ramo Financeiro (Contraf-CUT) enviou nesta segunda-feira (19) um of\u00edcio para o Banco do Brasil solicitando uma reuni\u00e3o com o novo presidente do banco, Fausto Ribeiro.<\/p>\n<p>\u201cAl\u00e9m de apresentar os principais assuntos de interesse dos funcion\u00e1rios, queremos saber quais medidas da nova gest\u00e3o podem afetar a categoria e a sociedade, como, por exemplo, eventuais reestrutura\u00e7\u00f5es do banco, abertura, ou fechamento de ag\u00eancias e poss\u00edveis mudan\u00e7as do papel da institui\u00e7\u00e3o no cen\u00e1rio econ\u00f4mico e social do pa\u00eds\u201d, explicou o coordenador da Comiss\u00e3o de Empresa dos Funcion\u00e1rios do Banco do Brasil (CEBB), Jo\u00e3o Fukunaga.<\/p>\n<p>\u201cNossa inten\u00e7\u00e3o \u00e9 deixar claro que entendemos que o banco desempenha papel de destaque na economia do pa\u00eds e que vamos defend\u00ea-lo sempre. Da mesma forma como defendemos os direitos dos trabalhadores\u201d, completou.<\/p>\n<p>Fukunaga informou ainda que, assim que obtiver resposta da solicita\u00e7\u00e3o, a categoria ser\u00e1 informada.<\/p>\n<p><strong>Fonte: Contraf-CUT<\/strong><\/p>\n","protected":false},"excerpt":{"rendered":"<p>A Confedera\u00e7\u00e3o Nacional dos Trabalhadores do Ramo Financeiro (Contraf-CUT) enviou nesta segunda-feira (19) um of\u00edcio para o Banco do Brasil solicitando uma reuni\u00e3o com o novo presidente do banco, Fausto Ribeiro. \u201cAl\u00e9m de apresentar os principais assuntos de interesse dos funcion\u00e1rios, queremos saber quais medidas da nova gest\u00e3o podem afetar a categoria e a sociedade, [&hellip;]<\/p>\n","protected":false},"author":2,"featured_media":10797,"comment_status":"","ping_status":"","sticky":false,"template":"","format":"standard","meta":{"footnotes":""},"categories":[3],"tags":[],"class_list":["post-10798","post","type-post","status-publish","format-standard","has-post-thumbnail","hentry","category-noticias"],"_links":{"self":[{"href":"https:\/\/hostnetart.com.br\/baixada\/wp-json\/wp\/v2\/posts\/10798","targetHints":{"allow":["GET"]}}],"collection":[{"href":"https:\/\/hostnetart.com.br\/baixada\/wp-json\/wp\/v2\/posts"}],"about":[{"href":"https:\/\/hostnetart.com.br\/baixada\/wp-json\/wp\/v2\/types\/post"}],"author":[{"embeddable":true,"href":"https:\/\/hostnetart.com.br\/baixada\/wp-json\/wp\/v2\/users\/2"}],"replies":[{"embeddable":true,"href":"https:\/\/hostnetart.com.br\/baixada\/wp-json\/wp\/v2\/comments?post=10798"}],"version-history":[{"count":0,"href":"https:\/\/hostnetart.com.br\/baixada\/wp-json\/wp\/v2\/posts\/10798\/revisions"}],"wp:featuredmedia":[{"embeddable":true,"href":"https:\/\/hostnetart.com.br\/baixada\/wp-json\/wp\/v2\/media\/10797"}],"wp:attachment":[{"href":"https:\/\/hostnetart.com.br\/baixada\/wp-json\/wp\/v2\/media?parent=10798"}],"wp:term":[{"taxonomy":"category","embeddable":true,"href":"https:\/\/hostnetart.com.br\/baixada\/wp-json\/wp\/v2\/categories?post=10798"},{"taxonomy":"post_tag","embeddable":true,"href":"https:\/\/hostnetart.com.br\/baixada\/wp-json\/wp\/v2\/tags?post=10798"}],"curies":[{"name":"wp","href":"https:\/\/api.w.org\/{rel}","templated":true}]}}