{"id":10790,"date":"2021-04-20T03:08:23","date_gmt":"2021-04-20T06:08:23","guid":{"rendered":"https:\/\/hostnetart.com.br\/baixada\/seeb-do-rio-elege-a-chapa-1-unidade-na-luta\/"},"modified":"2021-04-20T03:08:23","modified_gmt":"2021-04-20T06:08:23","slug":"seeb-do-rio-elege-a-chapa-1-unidade-na-luta","status":"publish","type":"post","link":"https:\/\/hostnetart.com.br\/baixada\/seeb-do-rio-elege-a-chapa-1-unidade-na-luta\/","title":{"rendered":"SEEB do Rio elege a Chapa 1 \u2013 Unidade na Luta"},"content":{"rendered":"<p>O Sindicato dos Banc\u00e1rios do Rio de Janeiro realizou pela primeira vez em sua hist\u00f3ria uma elei\u00e7\u00e3o inteiramente virtual e a categoria elegeu a Chapa 1 Unidade na Luta. A elei\u00e7\u00e3o transcorreu de forma tranquila, com boa participa\u00e7\u00e3o da categoria: 5.456 votantes, ou 52,33% dos 10.427 aptos a votar.<\/p>\n<p>Diante do momento de resist\u00eancia aos ataques do governo Bolsonaro, dos bancos e da maioria governista no Congresso, a op\u00e7\u00e3o foi formar uma chapa \u00fanica como a melhor forma de defender os direitos dos banc\u00e1rios e aumentar o movimento dos trabalhadores por democracia.<\/p>\n<p>A chapa 1 \u2013 Unidade na Luta obteve 5.262 votos (96,44% do total), 143 (2,62%) foram nulos e 51 (0,93%) em branco. A declara\u00e7\u00e3o da elei\u00e7\u00e3o da nova diretoria para o per\u00edodo de 2021 a 2025 foi feita pela Comiss\u00e3o Eleitoral, ao fim da vota\u00e7\u00e3o, que ocorreu \u00e0s 18h desta quinta-feira (15), coordenada pela ex-presidente do Sindicato, Fernanda Car\u00edsio.<\/p>\n<p>O presidente eleito do Sindicato, Jos\u00e9 Ferreira, frisou que a vit\u00f3ria da Unidade na Luta precisa ser celebrada como um marco de valoriza\u00e7\u00e3o da participa\u00e7\u00e3o, da consci\u00eancia em rela\u00e7\u00e3o ao grave momento que vivemos e ao compromisso de aprofundar a nossa organiza\u00e7\u00e3o e a nossa luta. E acrescentou: \u201cBanc\u00e1rios e banc\u00e1rias confiaram em n\u00f3s e iremos honrar a confian\u00e7a que nos foi dada\u201d, afirmou.<\/p>\n<p>A presidenta do Sindicato, Adriana Nalesso, tamb\u00e9m comemorou o resultado. \u201cEsta elei\u00e7\u00e3o foi uma vit\u00f3ria significativa da categoria banc\u00e1ria e da democracia, seja pela participa\u00e7\u00e3o expressiva na vota\u00e7\u00e3o, por ter sido a primeira virtual realizada na hist\u00f3ria do Sindicato e com uma chapa de unidade para podermos fortalecer a entidade e enfrentar os ataques que est\u00e3o por vir\u201d, afirmou. Parabenizou o presidente e a vice-presidente eleitos, Jos\u00e9 Ferreira e K\u00e1tia Branco, no audit\u00f3rio do Sindicato e deu um recado \u00e0s banc\u00e1rias e banc\u00e1rios: \u201cMais do que nunca, este \u00e9 um momento de lutarmos juntos por direitos, pela democracia e pela vida\u201d.<\/p>\n<p><em>Com informa\u00e7\u00f5es do site do SEEB do Rio de Janeiro.<\/em><\/p>\n","protected":false},"excerpt":{"rendered":"<p>O Sindicato dos Banc\u00e1rios do Rio de Janeiro realizou pela primeira vez em sua hist\u00f3ria uma elei\u00e7\u00e3o inteiramente virtual e a categoria elegeu a Chapa 1 Unidade na Luta. A elei\u00e7\u00e3o transcorreu de forma tranquila, com boa participa\u00e7\u00e3o da categoria: 5.456 votantes, ou 52,33% dos 10.427 aptos a votar. Diante do momento de resist\u00eancia aos [&hellip;]<\/p>\n","protected":false},"author":2,"featured_media":10789,"comment_status":"","ping_status":"","sticky":false,"template":"","format":"standard","meta":{"footnotes":""},"categories":[3],"tags":[],"class_list":["post-10790","post","type-post","status-publish","format-standard","has-post-thumbnail","hentry","category-noticias"],"_links":{"self":[{"href":"https:\/\/hostnetart.com.br\/baixada\/wp-json\/wp\/v2\/posts\/10790","targetHints":{"allow":["GET"]}}],"collection":[{"href":"https:\/\/hostnetart.com.br\/baixada\/wp-json\/wp\/v2\/posts"}],"about":[{"href":"https:\/\/hostnetart.com.br\/baixada\/wp-json\/wp\/v2\/types\/post"}],"author":[{"embeddable":true,"href":"https:\/\/hostnetart.com.br\/baixada\/wp-json\/wp\/v2\/users\/2"}],"replies":[{"embeddable":true,"href":"https:\/\/hostnetart.com.br\/baixada\/wp-json\/wp\/v2\/comments?post=10790"}],"version-history":[{"count":0,"href":"https:\/\/hostnetart.com.br\/baixada\/wp-json\/wp\/v2\/posts\/10790\/revisions"}],"wp:featuredmedia":[{"embeddable":true,"href":"https:\/\/hostnetart.com.br\/baixada\/wp-json\/wp\/v2\/media\/10789"}],"wp:attachment":[{"href":"https:\/\/hostnetart.com.br\/baixada\/wp-json\/wp\/v2\/media?parent=10790"}],"wp:term":[{"taxonomy":"category","embeddable":true,"href":"https:\/\/hostnetart.com.br\/baixada\/wp-json\/wp\/v2\/categories?post=10790"},{"taxonomy":"post_tag","embeddable":true,"href":"https:\/\/hostnetart.com.br\/baixada\/wp-json\/wp\/v2\/tags?post=10790"}],"curies":[{"name":"wp","href":"https:\/\/api.w.org\/{rel}","templated":true}]}}