{"id":10788,"date":"2021-04-19T11:31:24","date_gmt":"2021-04-19T14:31:24","guid":{"rendered":"https:\/\/hostnetart.com.br\/baixada\/bradesco-santander-e-banco-do-brasil-iniciam-vacinacao-contra-a-gripe-h1n1\/"},"modified":"2021-04-19T11:31:24","modified_gmt":"2021-04-19T14:31:24","slug":"bradesco-santander-e-banco-do-brasil-iniciam-vacinacao-contra-a-gripe-h1n1","status":"publish","type":"post","link":"https:\/\/hostnetart.com.br\/baixada\/bradesco-santander-e-banco-do-brasil-iniciam-vacinacao-contra-a-gripe-h1n1\/","title":{"rendered":"Bradesco, Santander e Banco do Brasil iniciam vacina\u00e7\u00e3o contra a gripe (H1N1)"},"content":{"rendered":"<p>Os bancos Bradesco, Santander e Banco do Brasil ir\u00e3o iniciar a vacina\u00e7\u00e3o contra a gripe (H1N1) nesta segunda-feira, 19 de abril.<\/p>\n<p><strong>BRADESCO<\/strong><\/p>\n<p>A vacina\u00e7\u00e3o contra a gripe H1N1 para todos os empregados do Bradesco come\u00e7a nesta segunda-feira (19), de acordo com calend\u00e1rio divulgado na \u00faltima sexta-feira (16). At\u00e9 o dia 30 de abril, todos os funcion\u00e1rios poder\u00e3o se vacinar nas ag\u00eancias ou nas cl\u00ednicas credenciadas. O banco tamb\u00e9m ir\u00e1 disponibilizar um Drive Thru na Cidade de Deus, para funcion\u00e1rios e dependentes do plano de sa\u00fade, entre os dias 22 de abril e 8 de maio.<\/p>\n<p><strong>SANTANDER<\/strong><\/p>\n<p>O Banco Santander divulgou o calend\u00e1rio de vacina\u00e7\u00e3o na \u00faltima quinta-feira (15), em reuni\u00e3o com a Comiss\u00e3o de Organiza\u00e7\u00e3o dos Empregados (COE).<\/p>\n<p>Funcion\u00e1rios, estagi\u00e1rios e jovens aprendizes do banco Santander poder\u00e3o se vacinar contra a gripe (H1N1) a partir de segunda-feira (19). O banco divulgou o calend\u00e1rio de vacina\u00e7\u00e3o, nesta quinta-feira (15), em reuni\u00e3o com a Comiss\u00e3o de Organiza\u00e7\u00e3o dos Empregados (COE).<\/p>\n<p>A vacina\u00e7\u00e3o ser\u00e1 realizada nas unidades de trabalho, conforme calend\u00e1rio enviado pelo banco a todos os funcion\u00e1rios. Aqueles que n\u00e3o puderem comparecer nas datas definidas devem agendar a vacina\u00e7\u00e3o na rela\u00e7\u00e3o de cl\u00ednicas conveniadas. O banco n\u00e3o reembolsar\u00e1 os custos de vacina\u00e7\u00e3o em cl\u00ednicas n\u00e3o conveniadas.<\/p>\n<p>Em caso de d\u00favidas ou dificuldades para ser vacinado, o funcion\u00e1rio deve acessar o portal RH e consultar as\u00a0<a href=\"https:\/\/contrafcut.com.br\/vacinacao-faq\/\" target=\"_blank\" rel=\"noopener noreferrer\">respostas \u00e0s perguntas frequentes<\/a>. Se as d\u00favidas permanecerem, deve entrar em contato com o RH do banco, ou com seu sindicato.<\/p>\n<p><strong>BANCO DO BRASIL<\/strong><\/p>\n<p>O Banco do Brasil tamb\u00e9m anunciou na \u00faltima sexta-feira (16) que iniciar\u00e1 nesta segunda-feira (19) a campanha de vacina\u00e7\u00e3o dos funcion\u00e1rios e seus dependentes contra a gripe (H1N1), com o objetivo de promover a sa\u00fade e prevenir o adoecimento.<\/p>\n<p>Como a ades\u00e3o \u00e9 volunt\u00e1ria, os funcion\u00e1rios que tiverem interesse em se vacinar devem verificar o cronograma de vacina\u00e7\u00e3o para sua localidade. Aqueles que n\u00e3o puderem comparecer na data estipulada poder\u00e3o ser vacinados em uma cl\u00ednica credenciada apresentando o crach\u00e1 do banco. Tanto o cronograma de vacina\u00e7\u00e3o, quanto a rela\u00e7\u00e3o de cl\u00ednicas credenciadas, assim como informa\u00e7\u00f5es complementares est\u00e3o dispon\u00edveis no\u00a0<a href=\"https:\/\/sesmt.intranet.bb.com.br\/seguranca\/hotsite\/vacinagripe2021.jsp\" target=\"_blank\" rel=\"noopener noreferrer\">site do Servi\u00e7o Especializado em Seguran\u00e7a do Trabalho (SESMT)<\/a>\u00a0do banco.<\/p>\n<h3>Aten\u00e7\u00e3o!<\/h3>\n<p>Quem receber qualquer dose da vacina contra a Covid-19 deve aguardar 14 dias para ser imunizado contra a gripe e quem contraiu o novo coronav\u00edrus deve adiar a vacina\u00e7\u00e3o contra a H1N1 at\u00e9 a total recupera\u00e7\u00e3o e pelo menos quatro semanas ap\u00f3s o in\u00edcio dos sintomas ou a partir da primeira amostra de PCR positiva em pessoas assintom\u00e1ticas.<\/p>\n","protected":false},"excerpt":{"rendered":"<p>Os bancos Bradesco, Santander e Banco do Brasil ir\u00e3o iniciar a vacina\u00e7\u00e3o contra a gripe (H1N1) nesta segunda-feira, 19 de abril. BRADESCO A vacina\u00e7\u00e3o contra a gripe H1N1 para todos os empregados do Bradesco come\u00e7a nesta segunda-feira (19), de acordo com calend\u00e1rio divulgado na \u00faltima sexta-feira (16). At\u00e9 o dia 30 de abril, todos os [&hellip;]<\/p>\n","protected":false},"author":2,"featured_media":10787,"comment_status":"","ping_status":"","sticky":false,"template":"","format":"standard","meta":{"footnotes":""},"categories":[3],"tags":[],"class_list":["post-10788","post","type-post","status-publish","format-standard","has-post-thumbnail","hentry","category-noticias"],"_links":{"self":[{"href":"https:\/\/hostnetart.com.br\/baixada\/wp-json\/wp\/v2\/posts\/10788","targetHints":{"allow":["GET"]}}],"collection":[{"href":"https:\/\/hostnetart.com.br\/baixada\/wp-json\/wp\/v2\/posts"}],"about":[{"href":"https:\/\/hostnetart.com.br\/baixada\/wp-json\/wp\/v2\/types\/post"}],"author":[{"embeddable":true,"href":"https:\/\/hostnetart.com.br\/baixada\/wp-json\/wp\/v2\/users\/2"}],"replies":[{"embeddable":true,"href":"https:\/\/hostnetart.com.br\/baixada\/wp-json\/wp\/v2\/comments?post=10788"}],"version-history":[{"count":0,"href":"https:\/\/hostnetart.com.br\/baixada\/wp-json\/wp\/v2\/posts\/10788\/revisions"}],"wp:featuredmedia":[{"embeddable":true,"href":"https:\/\/hostnetart.com.br\/baixada\/wp-json\/wp\/v2\/media\/10787"}],"wp:attachment":[{"href":"https:\/\/hostnetart.com.br\/baixada\/wp-json\/wp\/v2\/media?parent=10788"}],"wp:term":[{"taxonomy":"category","embeddable":true,"href":"https:\/\/hostnetart.com.br\/baixada\/wp-json\/wp\/v2\/categories?post=10788"},{"taxonomy":"post_tag","embeddable":true,"href":"https:\/\/hostnetart.com.br\/baixada\/wp-json\/wp\/v2\/tags?post=10788"}],"curies":[{"name":"wp","href":"https:\/\/api.w.org\/{rel}","templated":true}]}}